{"id":5570,"date":"2023-10-07T22:39:12","date_gmt":"2023-10-07T22:39:12","guid":{"rendered":"https:\/\/radiocresatelital.com\/?p=5570"},"modified":"2023-10-07T22:39:12","modified_gmt":"2023-10-07T22:39:12","slug":"nueva-victoria-azul-emelec-derrota-a-cumbaya-y-se-aleja-de-los-ultimos-puestos","status":"publish","type":"post","link":"https:\/\/radiocresatelital.com\/?p=5570","title":{"rendered":"Nueva victoria azul, Emelec derrota a Cumbay\u00e1 y se aleja de los \u00faltimos puestos"},"content":{"rendered":"<p>Guayaquil.- Con doblete de Jaime Ayov\u00ed, Emelec derrot\u00f3 a Cumbay\u00e1 por 3 goles a 0 en cotejo v\u00e1lido por la fecha 9 de Liga Pro Segunda etapa con la presencia de 15000 personas jugado en el \u00abGeorge Capwell\u00bb.<\/p>\n<p>Primera llegada por derecha, Miller Bola\u00f1os aprovecha un descuido de la defensa visitante para ingresar al \u00e1rea y rematar fuerte pero la defensa despeja ese bal\u00f3n.<\/p>\n<p>Un cobro desde la derecha por parte de Diego Garc\u00eda al segundo poste buscando a Cevallos que no puede rematar porque la defensa visitante despeja es bal\u00f3n y se salva Cumbay\u00e1.<\/p>\n<p>Emelec ha sido m\u00e1s contundente en estos primeros 15 minutos, por derecha con Miller Bola\u00f1os y por zurda con Alexis Zapata donde se suma Diego Garc\u00eda.<\/p>\n<p>Gran pase en tre l\u00edneas de Juan Carlos Paredes buscando al delantero argentino Agust\u00edn Maziero pero Fernando Le\u00f3n se cruza para salvar a su equipo.<\/p>\n<p>Jimmy Mina llega por el sector derecho donde An\u00edbal Chal\u00e1 le sale a la marca para impedir que el lateral ponga un centro peligroso al \u00e1rea de Pedro ort\u00edz.<\/p>\n<p>Buena aproximaci\u00f3n de Emelec, Jos\u00e9 Francisco Cevallos le entrega un pase para Diego Garc\u00eda quien decide rematar de media distancia pero el disparo sale cerca del arco quite\u00f1o.<\/p>\n<p>Nuevamente Diego Garc\u00eda pone un pase a Cevallos que ingresa al \u00e1rea pero no puede definir porque la pelota es rechazada por la defensa quite\u00f1a.<\/p>\n<p>A los 32 minutos, An\u00edbal Chal\u00e1 por zurda llega hasta el \u00e1rea para poner un centro donde Teodoro Paredes falle en la contenci\u00f3n e ingresa Jaime Ayov\u00ed para de media vuelta anote la primera conquista azul. 1 x 0.<\/p>\n<p>Buena apilada de jugadores contrarios por parte de Romario Caicedo quien llega al \u00e1rea le entrega pase a Jose Fco. Cavellos quien ingresa con bal\u00f3n dividido y remata pero la pelota pega en el horizontal y se salva Cumbay\u00e1.<\/p>\n<p>Para el arranque del segundo tiempo, Melvin D\u00edaz ingresa al terreno de juego para tratar de mejorar su juego, mientras que Emelec se queda al momento con los titulares que arranco el partido.<\/p>\n<p>Se jugaban los 49 minutos, una buena triangulaci\u00f3n entre Chal\u00e1 &#8211; Cevallos &#8211; Garc\u00eda, este \u00faltimo le devuelve el pase a Cevallos quien ingresa al \u00e1rea y remata pero el VAR anula la jugada por posici\u00f3n adelantada.<\/p>\n<p>Se jugaban los 69 minutos, una jugada confusa en el \u00e1rea quite\u00f1a, el juez Oswaldo Contreras sanciona con una pena m\u00e1xima que al cobro Jaime Ayov\u00ed remata fuerte y concreta al segunda conquista azul. 2 x 0.<\/p>\n<p>Jaime Ayov\u00ed tuvo la tercera conquista azul cuando un gran pase de Miller Bola\u00f1os pero el remate cruzado se va desviado, salv\u00e1ndose el cuadro quite\u00f1o.<\/p>\n<p>Samuel Sosa recibe un pase de Bola\u00f1os quien sin marca remata de media distancia pero el portero Leonel nazareno desv\u00eda ese bal\u00f3n al tiro de esquina.<\/p>\n<p>Se marcaban los 52 minutos, una pelota que pone An\u00edbal Chal\u00e1 buscando alg\u00fan pie salvador donde An\u00edbal Leguizam\u00f3n concreta la tercera anotaci\u00f3n para cerrar el marcador. 3 x 0.<\/p>\n","protected":false},"excerpt":{"rendered":"<p>Guayaquil.- Con doblete de Jaime Ayov\u00ed, Emelec derrot\u00f3 a Cumbay\u00e1 por 3 goles a 0 en cotejo v\u00e1lido por la fecha 9 de Liga Pro Segunda etapa con la presencia de 15000 personas jugado en el \u00abGeorge Capwell\u00bb. Primera llegada por derecha, Miller Bola\u00f1os aprovecha un descuido de la defensa visitante para ingresar al \u00e1rea [&hellip;]<\/p>\n","protected":false},"author":2,"featured_media":5580,"comment_status":"open","ping_status":"closed","sticky":false,"template":"","format":"standard","meta":{"_jetpack_memberships_contains_paid_content":false,"footnotes":""},"categories":[626,73],"tags":[457,56,929,135],"class_list":["post-5570","post","type-post","status-publish","format-standard","has-post-thumbnail","hentry","category-futbol-nacional","category-liga-pro","tag-cumbaya","tag-emelec","tag-futbol-nacional","tag-liga-pro"],"jetpack_featured_media_url":"https:\/\/radiocresatelital.com\/wp-content\/uploads\/2023\/10\/1e4cadcab124041e9900ffab61130c53.webp","jetpack_sharing_enabled":true,"_links":{"self":[{"href":"https:\/\/radiocresatelital.com\/index.php?rest_route=\/wp\/v2\/posts\/5570","targetHints":{"allow":["GET"]}}],"collection":[{"href":"https:\/\/radiocresatelital.com\/index.php?rest_route=\/wp\/v2\/posts"}],"about":[{"href":"https:\/\/radiocresatelital.com\/index.php?rest_route=\/wp\/v2\/types\/post"}],"author":[{"embeddable":true,"href":"https:\/\/radiocresatelital.com\/index.php?rest_route=\/wp\/v2\/users\/2"}],"replies":[{"embeddable":true,"href":"https:\/\/radiocresatelital.com\/index.php?rest_route=%2Fwp%2Fv2%2Fcomments&post=5570"}],"version-history":[{"count":1,"href":"https:\/\/radiocresatelital.com\/index.php?rest_route=\/wp\/v2\/posts\/5570\/revisions"}],"predecessor-version":[{"id":5581,"href":"https:\/\/radiocresatelital.com\/index.php?rest_route=\/wp\/v2\/posts\/5570\/revisions\/5581"}],"wp:featuredmedia":[{"embeddable":true,"href":"https:\/\/radiocresatelital.com\/index.php?rest_route=\/wp\/v2\/media\/5580"}],"wp:attachment":[{"href":"https:\/\/radiocresatelital.com\/index.php?rest_route=%2Fwp%2Fv2%2Fmedia&parent=5570"}],"wp:term":[{"taxonomy":"category","embeddable":true,"href":"https:\/\/radiocresatelital.com\/index.php?rest_route=%2Fwp%2Fv2%2Fcategories&post=5570"},{"taxonomy":"post_tag","embeddable":true,"href":"https:\/\/radiocresatelital.com\/index.php?rest_route=%2Fwp%2Fv2%2Ftags&post=5570"}],"curies":[{"name":"wp","href":"https:\/\/api.w.org\/{rel}","templated":true}]}}