{"id":5411,"date":"2023-10-04T18:20:09","date_gmt":"2023-10-04T18:20:09","guid":{"rendered":"https:\/\/radiocresatelital.com\/?p=5411"},"modified":"2023-10-04T19:20:27","modified_gmt":"2023-10-04T19:20:27","slug":"marruecos-espana-y-portugal-seran-los-organizadores-de-la-copa-mundial-de-futbol-de-2030","status":"publish","type":"post","link":"https:\/\/radiocresatelital.com\/?p=5411","title":{"rendered":"Marruecos, Espa\u00f1a y Portugal ser\u00e1n los organizadores de la Copa Mundial de f\u00fatbol de 2030"},"content":{"rendered":"<p class=\"text__text__1FZLe text__dark-grey__3Ml43 text__regular__2N1Xr text__small__1kGq2 body__full_width__ekUdw body__small_body__2vQyf article-body__paragraph__2-BtD\" data-testid=\"paragraph-0\">Z\u00farich.- Tres pa\u00edses como Marruecos, Espa\u00f1a y Portugal ser\u00e1n quienes alberguen la Copa Mundial de f\u00fatbol de 2030, mientras que Uruguay, Argentina y Paraguay ser\u00e1n donde se jueguen los partidos inaugurales para conmemorar el centenario del torneo, dijo el organismo mundial del f\u00fatbol FIFA.<\/p>\n<p class=\"text__text__1FZLe text__dark-grey__3Ml43 text__regular__2N1Xr text__small__1kGq2 body__full_width__ekUdw body__small_body__2vQyf article-body__paragraph__2-BtD\" data-testid=\"paragraph-0\">La FIFA dijo que la candidatura conjunta de Marruecos, Portugal y Espa\u00f1a era la \u00fanica candidata para albergar el torneo.\u00a0La FIFA deb\u00eda anunciar los anfitriones el pr\u00f3ximo a\u00f1o.<\/p>\n<div class=\"article-body__element__2p5pI\">\n<div class=\"spacing-container__container__2g5QT spacing-container__t-spacing-single-three-quarters__2_moJ spacing-container__b-spacing-single-three-quarters__1fuBK spacing-container__max-width__zScFd\" data-testid=\"ResponsiveAdSlot\">\n<div class=\"ad-slot__container__FEnoz ad-slot__fixed-height__6m70D\">\n<div class=\"ad-slot__inner__2u45U\">\n<div>La Copa del Mundo inaugural en 1930 se celebr\u00f3 en Uruguay y la ganaron los anfitriones despu\u00e9s de derrotar a Argentina en la final en Montevideo.<\/div>\n<\/div>\n<\/div>\n<\/div>\n<\/div>\n<p class=\"text__text__1FZLe text__dark-grey__3Ml43 text__regular__2N1Xr text__small__1kGq2 body__full_width__ekUdw body__small_body__2vQyf article-body__paragraph__2-BtD\" data-testid=\"paragraph-3\">Espa\u00f1a recibi\u00f3 la Copa del Mundo semanas despu\u00e9s de que su ex jefe Luis Rubiales se viera obligado a dimitir tras su\u00a0beso supuestamente no solicitado\u00a0en los labios de la jugadora Jenni Hermoso en la Copa Mundial Femenina.<\/p>\n<p class=\"text__text__1FZLe text__dark-grey__3Ml43 text__regular__2N1Xr text__small__1kGq2 body__full_width__ekUdw body__small_body__2vQyf article-body__paragraph__2-BtD\" data-testid=\"paragraph-4\">La decisi\u00f3n del mi\u00e9rcoles de la FIFA marca la primera vez que la Copa del Mundo se celebrar\u00e1 en tres continentes y seis pa\u00edses, lo que podr\u00eda significar que los partidos de la fase de grupos tendr\u00e1n que celebrarse en diferentes temporadas seg\u00fan el hemisferio.<\/p>\n<div class=\"article-body__element__2p5pI\">\n<div class=\"spacing-container__container__2g5QT spacing-container__t-spacing-single-three-quarters__2_moJ spacing-container__b-spacing-single-three-quarters__1fuBK spacing-container__max-width__zScFd\" data-testid=\"ResponsiveAdSlot\">\n<div class=\"ad-slot__container__FEnoz ad-slot__fixed-height__6m70D\">\u00abEl Consejo de la FIFA acord\u00f3 por unanimidad que la \u00fanica candidatura ser\u00e1 la candidatura combinada de Marruecos, Portugal y Espa\u00f1a, que albergar\u00e1n el evento en 2030 y se clasificar\u00e1n autom\u00e1ticamente de la asignaci\u00f3n de plazas existente sujeto a la finalizaci\u00f3n de un proceso de candidatura exitoso realizado por la FIFA. y una decisi\u00f3n del Congreso de la FIFA en 2024\u00bb, dijo la FIFA en un comunicado.<\/div>\n<\/div>\n<\/div>\n<p class=\"text__text__1FZLe text__dark-grey__3Ml43 text__regular__2N1Xr text__small__1kGq2 body__full_width__ekUdw body__small_body__2vQyf article-body__paragraph__2-BtD\" data-testid=\"paragraph-6\">\u00abAdem\u00e1s, habiendo tenido en cuenta el contexto hist\u00f3rico de la primera Copa Mundial de la FIFA, el Consejo de la FIFA acord\u00f3 por unanimidad organizar una ceremonia \u00fanica de celebraci\u00f3n del centenario en la capital del pa\u00eds, Montevideo&#8230; as\u00ed como tres partidos de la Copa Mundial en Uruguay. , Argentina y Paraguay respectivamente.\u00bb<\/p>\n<div class=\"article-body__element__2p5pI\">\n<div class=\"spacing-container__container__2g5QT spacing-container__t-spacing-single-three-quarters__2_moJ spacing-container__b-spacing-single-three-quarters__1fuBK spacing-container__max-width__zScFd\" data-testid=\"ResponsiveAdSlot\">\n<div class=\"ad-slot__container__FEnoz ad-slot__fixed-height__6m70D\">El Mundial de 2022 se celebr\u00f3 en Qatar. Argentina son los campeones defensores.<\/div>\n<\/div>\n<\/div>\n<p class=\"text__text__1FZLe text__dark-grey__3Ml43 text__regular__2N1Xr text__small__1kGq2 body__full_width__ekUdw body__small_body__2vQyf article-body__paragraph__2-BtD\" data-testid=\"paragraph-8\">La Asociaci\u00f3n del F\u00fatbol Argentino (AFA) dijo que su equipo \u00abjugar\u00e1 el primer partido de la fase de grupos 2030 en casa y con su gente\u00bb.<\/p>\n<p class=\"text__text__1FZLe text__dark-grey__3Ml43 text__regular__2N1Xr text__small__1kGq2 body__full_width__ekUdw body__small_body__2vQyf article-body__paragraph__2-BtD\" data-testid=\"paragraph-9\">\u00abEn un mundo dividido, la FIFA y el f\u00fatbol se est\u00e1n uniendo\u00bb, afirm\u00f3 el presidente de la FIFA, Gianni Infantino.<\/p>\n<p class=\"text__text__1FZLe text__dark-grey__3Ml43 text__regular__2N1Xr text__small__1kGq2 body__full_width__ekUdw body__small_body__2vQyf article-body__paragraph__2-BtD\" data-testid=\"paragraph-10\">\u00abEl Consejo de la FIFA&#8230; acord\u00f3 por unanimidad celebrar el centenario de la Copa Mundial de la FIFA, cuya primera edici\u00f3n se jug\u00f3 en Uruguay en 1930, de la manera m\u00e1s apropiada.<\/p>\n<p class=\"text__text__1FZLe text__dark-grey__3Ml43 text__regular__2N1Xr text__small__1kGq2 body__full_width__ekUdw body__small_body__2vQyf article-body__paragraph__2-BtD\" data-testid=\"paragraph-11\">\u00abComo resultado, habr\u00e1 una celebraci\u00f3n en Sudam\u00e9rica y tres pa\u00edses sudamericanos -Uruguay, Argentina y Paraguay- organizar\u00e1n cada uno un partido de la Copa Mundial de la FIFA 2030\u00bb.<\/p>\n<p class=\"text__text__1FZLe text__dark-grey__3Ml43 text__regular__2N1Xr text__small__1kGq2 body__full_width__ekUdw body__small_body__2vQyf article-body__paragraph__2-BtD\" data-testid=\"paragraph-12\">Infantino dijo que el primero de estos tres partidos se jugar\u00e1 en el Estadio Centenario de Montevideo, donde se celebr\u00f3 el primer Mundial en 1930.<\/p>\n<p class=\"text__text__1FZLe text__dark-grey__3Ml43 text__regular__2N1Xr text__small__1kGq2 body__full_width__ekUdw body__small_body__2vQyf article-body__paragraph__2-BtD\" data-testid=\"paragraph-13\">Robert Harrison, presidente de la Asociaci\u00f3n Paraguaya de F\u00fatbol, \u200b\u200bdijo que Argentina, Uruguay y Paraguay se clasificar\u00edan autom\u00e1ticamente para la Copa del Mundo, pero no aclar\u00f3 qu\u00e9 significar\u00eda eso para la competici\u00f3n clasificatoria sudamericana.<\/p>\n<p class=\"text__text__1FZLe text__dark-grey__3Ml43 text__regular__2N1Xr text__small__1kGq2 body__full_width__ekUdw body__small_body__2vQyf article-body__paragraph__2-BtD\" data-testid=\"paragraph-14\">Si bien Portugal y Marruecos nunca han sido sede de la Copa del Mundo, Espa\u00f1a fue la \u00faltima vez que fue sede del torneo en 1982.<\/p>\n<p class=\"text__text__1FZLe text__dark-grey__3Ml43 text__regular__2N1Xr text__small__1kGq2 body__full_width__ekUdw body__small_body__2vQyf article-body__paragraph__2-BtD\" data-testid=\"paragraph-15\">Pedro Rocha, presidente del Comit\u00e9 Gestor de la Real Federaci\u00f3n Espa\u00f1ola de F\u00fatbol, \u200b\u200bdijo que estaban emocionados de traerlo de regreso al pa\u00eds, que gan\u00f3 la Copa del Mundo en 2010.<\/p>\n<p class=\"text__text__1FZLe text__dark-grey__3Ml43 text__regular__2N1Xr text__small__1kGq2 body__full_width__ekUdw body__small_body__2vQyf article-body__paragraph__2-BtD\" data-testid=\"paragraph-16\">\u00abEstoy seguro de que junto con Marruecos y Portugal organizaremos el mejor Mundial de la historia\u00bb, afirm\u00f3.<\/p>\n<p class=\"text__text__1FZLe text__dark-grey__3Ml43 text__regular__2N1Xr text__small__1kGq2 body__full_width__ekUdw body__small_body__2vQyf article-body__paragraph__2-BtD\" data-testid=\"paragraph-17\">Portugal, que fue sede de la Eurocopa en 2004, finalmente tuvo \u00e9xito en el proceso de candidatura para la Copa del Mundo despu\u00e9s de no conseguir los derechos de sede para las ediciones de 2018 y 2022 junto con Espa\u00f1a.<\/p>\n<p class=\"text__text__1FZLe text__dark-grey__3Ml43 text__regular__2N1Xr text__small__1kGq2 body__full_width__ekUdw body__small_body__2vQyf article-body__paragraph__2-BtD\" data-testid=\"paragraph-18\">Fernando Gomes, presidente de la Federaci\u00f3n Portuguesa de F\u00fatbol, \u200b\u200bdijo: \u00abCada uno de nuestros pa\u00edses aporta una vibrante tradici\u00f3n futbol\u00edstica, una experiencia organizativa inigualable y una capacidad de innovaci\u00f3n que sin duda dejar\u00e1 su huella en el futuro de la competici\u00f3n\u00bb.<\/p>\n<p class=\"text__text__1FZLe text__dark-grey__3Ml43 text__regular__2N1Xr text__small__1kGq2 body__full_width__ekUdw body__small_body__2vQyf article-body__paragraph__2-BtD\" data-testid=\"paragraph-19\">El rey Mohammed VI de Marruecos acogi\u00f3 con satisfacci\u00f3n la decisi\u00f3n de la FIFA.\u00a0La naci\u00f3n africana sorprendi\u00f3 al mundo en Qatar el a\u00f1o pasado cuando se convirti\u00f3 en el primer equipo del continente en llegar a las semifinales.<\/p>\n<p class=\"text__text__1FZLe text__dark-grey__3Ml43 text__regular__2N1Xr text__small__1kGq2 body__full_width__ekUdw body__small_body__2vQyf article-body__paragraph__2-BtD\" data-testid=\"paragraph-20\">\u00abSu Majestad el Rey Mohammed VI&#8230; tiene el gran placer de anunciar al pueblo marroqu\u00ed que el Consejo de la FIFA ha seleccionado por unanimidad a la candidatura Marruecos-Espa\u00f1a-Portugal como \u00fanica candidata para organizar la Copa Mundial de F\u00fatbol de 2030\u00bb, dijo la Oficina Real de Marruecos. en una oracion.<\/p>\n<p class=\"text__text__1FZLe text__dark-grey__3Ml43 text__regular__2N1Xr text__small__1kGq2 body__full_width__ekUdw body__small_body__2vQyf article-body__paragraph__2-BtD\" data-testid=\"paragraph-21\">Marruecos ser\u00e1 el segundo pa\u00eds africano en albergar la Copa del Mundo despu\u00e9s de Sud\u00e1frica en 2010.<\/p>\n<p class=\"text__text__1FZLe text__dark-grey__3Ml43 text__regular__2N1Xr text__small__1kGq2 body__full_width__ekUdw body__small_body__2vQyf article-body__paragraph__2-BtD\" data-testid=\"paragraph-22\">La decisi\u00f3n se produce d\u00edas despu\u00e9s de que Marruecos tambi\u00e9n fuera elegido sede de la\u00a0Copa Africana de Naciones de 2025\u00a0, tras la retirada de las candidaturas rivales, y un mes despu\u00e9s de que un terremoto en el pa\u00eds matara a casi 3.000 personas.<\/p>\n<p class=\"text__text__1FZLe text__dark-grey__3Ml43 text__regular__2N1Xr text__small__1kGq2 body__full_width__ekUdw body__small_body__2vQyf article-body__paragraph__2-BtD\" data-testid=\"paragraph-23\">El f\u00fatbol juega un papel importante en la vida marroqu\u00ed, y sus equipos m\u00e1s importantes a menudo ganan competiciones de clubes africanos y atraen multitudes a los estadios de las grandes ciudades.<\/p>\n<p class=\"text__text__1FZLe text__dark-grey__3Ml43 text__regular__2N1Xr text__small__1kGq2 body__full_width__ekUdw body__small_body__2vQyf article-body__paragraph__2-BtD\" data-testid=\"paragraph-24\">Marruecos ya est\u00e1 ampliando la capacidad en dos de sus estadios m\u00e1s grandes en Rabat y T\u00e1nger.<\/p>\n<p class=\"text__text__1FZLe text__dark-grey__3Ml43 text__regular__2N1Xr text__small__1kGq2 body__full_width__ekUdw body__small_body__2vQyf article-body__paragraph__2-BtD\" data-testid=\"paragraph-25\">La FIFA tambi\u00e9n dijo que la Copa Mundial de 2034 se llevar\u00e1 a cabo en la regi\u00f3n de Asia u Ocean\u00eda, y que las asociaciones miembro de esos territorios ser\u00e1n invitadas a postularse para albergar el torneo.<\/p>\n<p class=\"text__text__1FZLe text__dark-grey__3Ml43 text__regular__2N1Xr text__small__1kGq2 body__full_width__ekUdw body__small_body__2vQyf article-body__paragraph__2-BtD\" data-testid=\"paragraph-26\">Arabia Saudita anunci\u00f3 su\u00a0intenci\u00f3n de postularse\u00a0para la edici\u00f3n de 2034, dijo la agencia estatal de noticias SPA.\u00a0El pa\u00eds ser\u00e1 anfitri\u00f3n de la Copa Mundial de Clubes de la FIFA en diciembre.<\/p>\n<p class=\"text__text__1FZLe text__dark-grey__3Ml43 text__regular__2N1Xr text__small__1kGq2 body__full_width__ekUdw body__small_body__2vQyf article-body__paragraph__2-BtD\" data-testid=\"paragraph-27\">La edici\u00f3n de 2026 tendr\u00e1 como sede Estados Unidos, Canad\u00e1 y M\u00e9xico.<\/p>\n","protected":false},"excerpt":{"rendered":"<p>Z\u00farich.- Tres pa\u00edses como Marruecos, Espa\u00f1a y Portugal ser\u00e1n quienes alberguen la Copa Mundial de f\u00fatbol de 2030, mientras que Uruguay, Argentina y Paraguay ser\u00e1n donde se jueguen los partidos inaugurales para conmemorar el centenario del torneo, dijo el organismo mundial del f\u00fatbol FIFA. La FIFA dijo que la candidatura conjunta de Marruecos, Portugal y [&hellip;]<\/p>\n","protected":false},"author":2,"featured_media":2638,"comment_status":"open","ping_status":"closed","sticky":false,"template":"","format":"standard","meta":{"_jetpack_memberships_contains_paid_content":false,"footnotes":""},"categories":[955],"tags":[956],"class_list":["post-5411","post","type-post","status-publish","format-standard","has-post-thumbnail","hentry","category-mundial-de-futbol","tag-mundial-2030"],"jetpack_featured_media_url":"https:\/\/radiocresatelital.com\/wp-content\/uploads\/2023\/08\/Trofeo-oficial-FIFA-de-la-Copa-del-Mundo-de-futbol.jpg","jetpack_sharing_enabled":true,"_links":{"self":[{"href":"https:\/\/radiocresatelital.com\/index.php?rest_route=\/wp\/v2\/posts\/5411","targetHints":{"allow":["GET"]}}],"collection":[{"href":"https:\/\/radiocresatelital.com\/index.php?rest_route=\/wp\/v2\/posts"}],"about":[{"href":"https:\/\/radiocresatelital.com\/index.php?rest_route=\/wp\/v2\/types\/post"}],"author":[{"embeddable":true,"href":"https:\/\/radiocresatelital.com\/index.php?rest_route=\/wp\/v2\/users\/2"}],"replies":[{"embeddable":true,"href":"https:\/\/radiocresatelital.com\/index.php?rest_route=%2Fwp%2Fv2%2Fcomments&post=5411"}],"version-history":[{"count":2,"href":"https:\/\/radiocresatelital.com\/index.php?rest_route=\/wp\/v2\/posts\/5411\/revisions"}],"predecessor-version":[{"id":5420,"href":"https:\/\/radiocresatelital.com\/index.php?rest_route=\/wp\/v2\/posts\/5411\/revisions\/5420"}],"wp:featuredmedia":[{"embeddable":true,"href":"https:\/\/radiocresatelital.com\/index.php?rest_route=\/wp\/v2\/media\/2638"}],"wp:attachment":[{"href":"https:\/\/radiocresatelital.com\/index.php?rest_route=%2Fwp%2Fv2%2Fmedia&parent=5411"}],"wp:term":[{"taxonomy":"category","embeddable":true,"href":"https:\/\/radiocresatelital.com\/index.php?rest_route=%2Fwp%2Fv2%2Fcategories&post=5411"},{"taxonomy":"post_tag","embeddable":true,"href":"https:\/\/radiocresatelital.com\/index.php?rest_route=%2Fwp%2Fv2%2Ftags&post=5411"}],"curies":[{"name":"wp","href":"https:\/\/api.w.org\/{rel}","templated":true}]}}