{"id":538,"date":"2023-06-29T19:54:50","date_gmt":"2023-06-29T19:54:50","guid":{"rendered":"https:\/\/radiocresatelital.com\/?p=538"},"modified":"2023-06-29T19:54:50","modified_gmt":"2023-06-29T19:54:50","slug":"una-mejor-gestion-en-las-ligas-de-sudamerica-propone-ligapro","status":"publish","type":"post","link":"https:\/\/radiocresatelital.com\/?p=538","title":{"rendered":"Una mejor gesti\u00f3n en las ligas de Sudam\u00e9rica, propone LigaPro"},"content":{"rendered":"<p>Londres.- Miguel \u00c1ngel Loor, presidente de LigaPro, representa a la liga profesional de f\u00fatbol ecuatoriano, en el directorio de la World Leagues Forum que se realiza en Londres. Loor propone un acercamiento entre las ligas de sudam\u00e9rica.<\/p>\n<p>Ecuador forma parte de la \u00e9lite de la dirigencia mundial al integrar el segundo directorio de la World Leagues Forum (WLF). En su intervenci\u00f3n, el presidente de LigaPro, Miguel \u00c1ngel Loor, propuso un acercamiento a las ligas de Sudam\u00e9rica con el objetivo de mejorar la gesti\u00f3n de recursos en todas las ligas del continente. Este evento est\u00e1 enfocado en la creaci\u00f3n de di\u00e1logos entre las Ligas de f\u00fatbol de todo el mundo y los jugadores.<\/p>\n<p>El presidente de LigaPro forma parte de este segundo directorio que tiene como anfitri\u00f3n a la Premier League de Inglaterra. Aqu\u00ed, los m\u00e1ximosrepresentantes de las ligas profesionales de f\u00fatbol sesionar\u00e1n, adem\u00e1s, para tratar temas referentes al an\u00e1lisis legal, deportivo, econ\u00f3mico y f\u00fatbol femenino con expertos en estas \u00e1reas como: Omar Chaudhuri de Twenty First Group; Antonie Chapstal de Analysis Group; y Romain Ferla de Weil, Gotshal &amp; Manges.<\/p>\n<p>Loor participar\u00e1 de sesiones y charlas sobre la Federaci\u00f3n Internacional de Futbolistas Profesionales (FIFPRO) con el secretario general de la instituci\u00f3n, Jonas Baer-Hoffman; y la International Football Association Board (IFAB) que contar\u00e1 con la presencia del secretario general, Lukas Brud. Es importante resaltar, que la IFAB es el organismo encargado de definir las reglas de f\u00fatbol a escala mundial.<\/p>\n<p>La iniciativa de LigaPro por promover y mejorar un f\u00fatbol de calidad en sudam\u00e9rica se ve reflejado en la participaci\u00f3n de este segundo directorio de relevancia mundial en el f\u00fatbol. Acciones, que por ejemplo, abrieron las puertas para que dos abogados ecuatorianos hayan formado parte del TAS (Tribunal de Arbitraje Deportivo). Un hito que nunca antes hab\u00eda ocurrido en el f\u00fatbol ecuatoriano.<\/p>\n<p>La LigaPro contin\u00faa su trabajo por la construcci\u00f3n de una liga de f\u00fatbol de calidad, transparente y profesional.<\/p>\n","protected":false},"excerpt":{"rendered":"<p>Londres.- Miguel \u00c1ngel Loor, presidente de LigaPro, representa a la liga profesional de f\u00fatbol ecuatoriano, en el directorio de la World Leagues Forum que se realiza en Londres. Loor propone un acercamiento entre las ligas de sudam\u00e9rica. Ecuador forma parte de la \u00e9lite de la dirigencia mundial al integrar el segundo directorio de la World [&hellip;]<\/p>\n","protected":false},"author":2,"featured_media":539,"comment_status":"open","ping_status":"closed","sticky":false,"template":"","format":"standard","meta":{"_jetpack_memberships_contains_paid_content":false,"footnotes":""},"categories":[73],"tags":[135],"class_list":["post-538","post","type-post","status-publish","format-standard","has-post-thumbnail","hentry","category-liga-pro","tag-liga-pro"],"jetpack_featured_media_url":"https:\/\/radiocresatelital.com\/wp-content\/uploads\/2023\/06\/c1081663-b959-4398-a275-251537dc590d.jpg","jetpack_sharing_enabled":true,"_links":{"self":[{"href":"https:\/\/radiocresatelital.com\/index.php?rest_route=\/wp\/v2\/posts\/538","targetHints":{"allow":["GET"]}}],"collection":[{"href":"https:\/\/radiocresatelital.com\/index.php?rest_route=\/wp\/v2\/posts"}],"about":[{"href":"https:\/\/radiocresatelital.com\/index.php?rest_route=\/wp\/v2\/types\/post"}],"author":[{"embeddable":true,"href":"https:\/\/radiocresatelital.com\/index.php?rest_route=\/wp\/v2\/users\/2"}],"replies":[{"embeddable":true,"href":"https:\/\/radiocresatelital.com\/index.php?rest_route=%2Fwp%2Fv2%2Fcomments&post=538"}],"version-history":[{"count":1,"href":"https:\/\/radiocresatelital.com\/index.php?rest_route=\/wp\/v2\/posts\/538\/revisions"}],"predecessor-version":[{"id":540,"href":"https:\/\/radiocresatelital.com\/index.php?rest_route=\/wp\/v2\/posts\/538\/revisions\/540"}],"wp:featuredmedia":[{"embeddable":true,"href":"https:\/\/radiocresatelital.com\/index.php?rest_route=\/wp\/v2\/media\/539"}],"wp:attachment":[{"href":"https:\/\/radiocresatelital.com\/index.php?rest_route=%2Fwp%2Fv2%2Fmedia&parent=538"}],"wp:term":[{"taxonomy":"category","embeddable":true,"href":"https:\/\/radiocresatelital.com\/index.php?rest_route=%2Fwp%2Fv2%2Fcategories&post=538"},{"taxonomy":"post_tag","embeddable":true,"href":"https:\/\/radiocresatelital.com\/index.php?rest_route=%2Fwp%2Fv2%2Ftags&post=538"}],"curies":[{"name":"wp","href":"https:\/\/api.w.org\/{rel}","templated":true}]}}