{"id":535,"date":"2023-06-29T19:50:12","date_gmt":"2023-06-29T19:50:12","guid":{"rendered":"https:\/\/radiocresatelital.com\/?p=535"},"modified":"2023-06-29T19:50:12","modified_gmt":"2023-06-29T19:50:12","slug":"posorja-celebro-129-anos-de-parroquializacion","status":"publish","type":"post","link":"https:\/\/radiocresatelital.com\/?p=535","title":{"rendered":"Posorja celebr\u00f3 129 a\u00f1os de parroquializaci\u00f3n"},"content":{"rendered":"<p>Guayaquil.- Este 27 de junio se conmemoraron los 129 a\u00f1os de parroquializaci\u00f3n de Posorja por lo que la comunidad record\u00f3 la historia y cultura de esta importante zona de Guayaquil, con profundas ra\u00edces huancavilcas.<\/p>\n<p>Como parte de las actividades de celebraci\u00f3n se realiz\u00f3 un acto c\u00edvico, que incluy\u00f3 una ofrenda floral al monumento de la Princesa Posorj\u00e1, que significa \u201cEspuma de Mar\u201d.<\/p>\n<p>En la tarde se realiz\u00f3 la sesi\u00f3n solemne conmemorativa en el Gobierno Parroquial Rural de Posorja. La presidenta de este organismo, Alexandra Ayala, asegur\u00f3 que \u201cel aniversario de parroquializaci\u00f3n no solo brinda la oportunidad de mirar atr\u00e1s y recordar nuestra historia, sino tambi\u00e9n de mirar hacia adelante y trazar un camino hacia un futuro pr\u00f3spero.<\/p>\n<p>Hoy, m\u00e1s que nunca, debemos unirnos en esp\u00edritu de colaboraci\u00f3n y trabajar juntos para construir una Posorja pr\u00f3spera, de oportunidades, empat\u00eda donde el \u00fanico objetivo sea el bien com\u00fan de su gente, amable, luchadora y honesta\u201d.<\/p>\n<p>Tambi\u00e9n se present\u00f3 un video informativo sobre las actividades y gestiones realizadas por el Gobierno Parroquial de Posorja conjuntamente con el Municipio de Guayaquil, Prefectura del Guayas, Ministerio de Salud P\u00fablica, Conagopare, entre otras.<\/p>\n","protected":false},"excerpt":{"rendered":"<p>Guayaquil.- Este 27 de junio se conmemoraron los 129 a\u00f1os de parroquializaci\u00f3n de Posorja por lo que la comunidad record\u00f3 la historia y cultura de esta importante zona de Guayaquil, con profundas ra\u00edces huancavilcas. Como parte de las actividades de celebraci\u00f3n se realiz\u00f3 un acto c\u00edvico, que incluy\u00f3 una ofrenda floral al monumento de la [&hellip;]<\/p>\n","protected":false},"author":2,"featured_media":536,"comment_status":"open","ping_status":"closed","sticky":false,"template":"","format":"standard","meta":{"_jetpack_memberships_contains_paid_content":false,"footnotes":""},"categories":[13],"tags":[134],"class_list":["post-535","post","type-post","status-publish","format-standard","has-post-thumbnail","hentry","category-noticias-nacionales","tag-posorja"],"jetpack_featured_media_url":"https:\/\/radiocresatelital.com\/wp-content\/uploads\/2023\/06\/capturadepantall-7a2cdd3706c47bb72c50a7e05e9fdaa7-1200x600-1.jpg","jetpack_sharing_enabled":true,"_links":{"self":[{"href":"https:\/\/radiocresatelital.com\/index.php?rest_route=\/wp\/v2\/posts\/535","targetHints":{"allow":["GET"]}}],"collection":[{"href":"https:\/\/radiocresatelital.com\/index.php?rest_route=\/wp\/v2\/posts"}],"about":[{"href":"https:\/\/radiocresatelital.com\/index.php?rest_route=\/wp\/v2\/types\/post"}],"author":[{"embeddable":true,"href":"https:\/\/radiocresatelital.com\/index.php?rest_route=\/wp\/v2\/users\/2"}],"replies":[{"embeddable":true,"href":"https:\/\/radiocresatelital.com\/index.php?rest_route=%2Fwp%2Fv2%2Fcomments&post=535"}],"version-history":[{"count":1,"href":"https:\/\/radiocresatelital.com\/index.php?rest_route=\/wp\/v2\/posts\/535\/revisions"}],"predecessor-version":[{"id":537,"href":"https:\/\/radiocresatelital.com\/index.php?rest_route=\/wp\/v2\/posts\/535\/revisions\/537"}],"wp:featuredmedia":[{"embeddable":true,"href":"https:\/\/radiocresatelital.com\/index.php?rest_route=\/wp\/v2\/media\/536"}],"wp:attachment":[{"href":"https:\/\/radiocresatelital.com\/index.php?rest_route=%2Fwp%2Fv2%2Fmedia&parent=535"}],"wp:term":[{"taxonomy":"category","embeddable":true,"href":"https:\/\/radiocresatelital.com\/index.php?rest_route=%2Fwp%2Fv2%2Fcategories&post=535"},{"taxonomy":"post_tag","embeddable":true,"href":"https:\/\/radiocresatelital.com\/index.php?rest_route=%2Fwp%2Fv2%2Ftags&post=535"}],"curies":[{"name":"wp","href":"https:\/\/api.w.org\/{rel}","templated":true}]}}