{"id":5340,"date":"2023-10-03T20:53:49","date_gmt":"2023-10-03T20:53:49","guid":{"rendered":"https:\/\/radiocresatelital.com\/?p=5340"},"modified":"2023-10-03T20:53:49","modified_gmt":"2023-10-03T20:53:49","slug":"ministerio-de-educacion-promueve-la-capacitacion-de-docentes-con-enfoque-steam-innovacion-y-creatividad-en-el-aula","status":"publish","type":"post","link":"https:\/\/radiocresatelital.com\/?p=5340","title":{"rendered":"Ministerio de Educaci\u00f3n promueve la capacitaci\u00f3n de docentes con enfoque STEAM: Innovaci\u00f3n y Creatividad en el Aula"},"content":{"rendered":"<p>Quito.- De conformidad con los objetivos trazados por el Ministerio de Educaci\u00f3n en el eje 4.- \u00abFuertes\u00bb, esta cartera de Estado se enorgullece en anunciar el lanzamiento del curso MOOC de Educaci\u00f3n STEAM: Innovaci\u00f3n y Creatividad en el aula, con el apoyo de la Organizaci\u00f3n de Estados Iberoamericanos para la Educaci\u00f3n, Ciencia y Cultura (OEI).<\/p>\n<p>El curso tiene una duraci\u00f3n de 110 horas y se encuentra en la plataforma mecapacito, listo para ser desarrollado por docentes de todo el pa\u00eds. Esta iniciativa busca fortalecer las competencias de los educadores en el enfoque STEAM (ciencia, tecnolog\u00eda, ingenier\u00eda, arte y matem\u00e1ticas), que se ha vuelto esencial en la educaci\u00f3n moderna frente al creciente impacto de la tecnolog\u00eda en todas las esferas de la sociedad.<\/p>\n<p>Los docentes que participen de este curso podr\u00e1n\u00a0desarrollar y fortalecer habilidades pedag\u00f3gicas innovadoras y creativas, as\u00ed como explorar nuevas formas de ense\u00f1anza y aprendizaje. El enfoque STEAM involucra a los estudiantes en la resoluci\u00f3n de problemas del mundo real, fomentando el pensamiento cr\u00edtico, la resoluci\u00f3n de problemas, la comunicaci\u00f3n y la colaboraci\u00f3n, al tiempo que integra las disciplinas STEAM con las humanidades y las ciencias sociales.<\/p>\n<p>Este curso MOOC (online, gratuito) representa una valiosa herramienta de aprendizaje, y contribuye a la formaci\u00f3n de educadores comprometidos con la excelencia en la educaci\u00f3n de futuras generaciones preparadas para enfrentar los desaf\u00edos del siglo XXI.<\/p>\n<p>El Ministerio de Educaci\u00f3n reafirma su compromiso de formaci\u00f3n continua de los docentes y con la calidad educativa, como piedra angular para el desarrollo de la sociedad y el progreso del pa\u00eds.<\/p>\n<p>Para obtener m\u00e1s informaci\u00f3n y datos para la inscripci\u00f3n al curso MOOC de Educaci\u00f3n STEAM: Innovaci\u00f3n y Creatividad en el aula visit\u00e9 la plataforma mecapacito en<a href=\"https:\/\/mecapacito.educacion.gob.ec\/\" target=\"_blank\" rel=\"noopener\">\u00a0https:\/\/mecapacito.educacion.gob.ec\/<\/a><\/p>\n","protected":false},"excerpt":{"rendered":"<p>Quito.- De conformidad con los objetivos trazados por el Ministerio de Educaci\u00f3n en el eje 4.- \u00abFuertes\u00bb, esta cartera de Estado se enorgullece en anunciar el lanzamiento del curso MOOC de Educaci\u00f3n STEAM: Innovaci\u00f3n y Creatividad en el aula, con el apoyo de la Organizaci\u00f3n de Estados Iberoamericanos para la Educaci\u00f3n, Ciencia y Cultura (OEI). [&hellip;]<\/p>\n","protected":false},"author":2,"featured_media":5341,"comment_status":"open","ping_status":"closed","sticky":false,"template":"","format":"standard","meta":{"_jetpack_memberships_contains_paid_content":false,"footnotes":""},"categories":[13],"tags":[444],"class_list":["post-5340","post","type-post","status-publish","format-standard","has-post-thumbnail","hentry","category-noticias-nacionales","tag-ministerio-de-educacion"],"jetpack_featured_media_url":"https:\/\/radiocresatelital.com\/wp-content\/uploads\/2023\/10\/Zona-4-evaluacion-docente-1.png","jetpack_sharing_enabled":true,"_links":{"self":[{"href":"https:\/\/radiocresatelital.com\/index.php?rest_route=\/wp\/v2\/posts\/5340","targetHints":{"allow":["GET"]}}],"collection":[{"href":"https:\/\/radiocresatelital.com\/index.php?rest_route=\/wp\/v2\/posts"}],"about":[{"href":"https:\/\/radiocresatelital.com\/index.php?rest_route=\/wp\/v2\/types\/post"}],"author":[{"embeddable":true,"href":"https:\/\/radiocresatelital.com\/index.php?rest_route=\/wp\/v2\/users\/2"}],"replies":[{"embeddable":true,"href":"https:\/\/radiocresatelital.com\/index.php?rest_route=%2Fwp%2Fv2%2Fcomments&post=5340"}],"version-history":[{"count":1,"href":"https:\/\/radiocresatelital.com\/index.php?rest_route=\/wp\/v2\/posts\/5340\/revisions"}],"predecessor-version":[{"id":5342,"href":"https:\/\/radiocresatelital.com\/index.php?rest_route=\/wp\/v2\/posts\/5340\/revisions\/5342"}],"wp:featuredmedia":[{"embeddable":true,"href":"https:\/\/radiocresatelital.com\/index.php?rest_route=\/wp\/v2\/media\/5341"}],"wp:attachment":[{"href":"https:\/\/radiocresatelital.com\/index.php?rest_route=%2Fwp%2Fv2%2Fmedia&parent=5340"}],"wp:term":[{"taxonomy":"category","embeddable":true,"href":"https:\/\/radiocresatelital.com\/index.php?rest_route=%2Fwp%2Fv2%2Fcategories&post=5340"},{"taxonomy":"post_tag","embeddable":true,"href":"https:\/\/radiocresatelital.com\/index.php?rest_route=%2Fwp%2Fv2%2Ftags&post=5340"}],"curies":[{"name":"wp","href":"https:\/\/api.w.org\/{rel}","templated":true}]}}