{"id":5259,"date":"2023-10-02T20:57:46","date_gmt":"2023-10-02T20:57:46","guid":{"rendered":"https:\/\/radiocresatelital.com\/?p=5259"},"modified":"2023-10-02T20:57:46","modified_gmt":"2023-10-02T20:57:46","slug":"autoridades-de-la-universidad-de-guayaquil-dieron-la-bienvenida-a-sus-estudiantes-al-nuevo-ciclo-academico-2023-2024","status":"publish","type":"post","link":"https:\/\/radiocresatelital.com\/?p=5259","title":{"rendered":"Autoridades de la Universidad de Guayaquil dieron la Bienvenida a sus estudiantes al nuevo ciclo acad\u00e9mico 2023 -2024"},"content":{"rendered":"<p>Un Ambiente de fiesta se vivi\u00f3 en la Universidad de Guayaquil, mimos y zanqueros ubicados en el ingreso de la puerta G- 3, exhibiendo el nuevo logo institucional, dieron la bienvenida a una poblaci\u00f3n de aproximadamente 55.500 estudiantes matriculados hasta el momento en las 17 facultades y 56 carreras vigentes, adem\u00e1s de pregrado, titulaci\u00f3n, cursos de ingl\u00e9s y computaci\u00f3n.<\/p>\n<p>Las autoridades universitarias participaron de sendos actos ceremoniales desarrollados en la Ciudadela Universitaria \u201cUniversidad de Guayaquil\u201d y en las diferentes Unidades Acad\u00e9micas que funcionan externamente, adem\u00e1s visitaron la feria de Bienestar Estudiantil en la que se ofertaron los servicios que brinda este decanato de manera gratuita a los estudiantes.<\/p>\n<p>En el primer d\u00eda de clases se ten\u00eda previsto recibir en la jornada matutina, de 07h00 a 11h00, aproximadamente a 8.172 alumnos, en la continua de 11h00 a 16h00 (ma\u00f1ana y tarde) alrededor de 11.564, vespertina de 14h00 a 17h00, 3.805 y en la nocturna de 17h00 a 21h00, 5.524 estudiantes.<\/p>\n<p>Durante este periodo acad\u00e9mico C-II 2023 \u2013 2024, de acuerdo a la planificaci\u00f3n dispuesto por el Vicerrectorado Acad\u00e9mico, los alumnos recibir\u00e1n clases presenciales en 11 carreras que son las de Ciencias M\u00e9dicas, Odontolog\u00eda, Sicolog\u00eda y otras que considere cada Unidad Acad\u00e9mica, 44 bajo la modalidad hibrida y la de Agropecuaria que se dictar\u00e1 en Vinces totalmente en l\u00ednea.<\/p>\n<p>En el acto de bienvenida desarrollado en el Paraninfo \u201cLcdo. Rafael Brito Mendoza\u201d de la Facultad de Jurisprudencia y Ciencias Sociales y Pol\u00edticas, el Rector Dr. Francisco Mor\u00e1n Pe\u00f1a, calific\u00f3 de hist\u00f3rico para la Universidad el retorno a clases en estas tres modalidades, presencial, hibrida y en l\u00ednea, luego de superada la pandemia del COVID.<\/p>\n<p>Ante el Consejero del CACES, Dr. Ra\u00fal Carpio Freire, Presidente de la Comisi\u00f3n de Habilitaci\u00f3n para el Ejercicio Profesional, quien asisti\u00f3 como invitado especial, un selecto grupo de estudiantes, decanos y dem\u00e1s invitados, la m\u00e1xima autoridad universitaria dio la bienvenida a toda la comunidad de educandos de esta Instituci\u00f3n de Educaci\u00f3n Superior, pero particularmente a los de las nuevas carreras en Alimentos, Ciencias Pol\u00edticas, Agropecuaria, Entrenamiento Deportivo, Pedagog\u00eda de las Artes y Humanidades y Ciencia de Datos e Inteligencia Artificial, que iniciaron sus actividades acad\u00e9micas.<\/p>\n<p>\u201cBuscamos entregar nuevas ofertas acad\u00e9micas que busquen perennizar el legado hist\u00f3rico de la Universidad, al servicio de la comunidad\u201d destac\u00f3 la autoridad.<\/p>\n<p>Durante el acto encontramos al joven, Francisco Villafuerte, quite\u00f1o, quien, con 20 a\u00f1os de edad y apasionado por la pol\u00edtica, escogi\u00f3 estudiar Ciencias Pol\u00edticas, coment\u00f3 que luego de dos postulaciones fallidas para estudiar Derecho logr\u00f3 un cupo en esta nueva carrera.<\/p>\n<p>\u201cDecidi\u00f3 escoger la facultad y Universidad por su legado hist\u00f3rico y prestigio de la instituci\u00f3n\u201d.<\/p>\n<p>Buscando informaci\u00f3n sobre la ubicaci\u00f3n de su aula, Delfa Y\u00e1nez, oriunda de Guaranda, provincia de Bol\u00edvar, coment\u00f3 que estudiar\u00e1 Fonoaudiolog\u00eda, carrera que solo oferta la Universidad de Guayaquil.<\/p>\n<p>Acompa\u00f1aron al Rector, Dr. Francisco Mor\u00e1n Pe\u00f1a, en los actos de inauguraci\u00f3n del nuevo ciclo acad\u00e9mico la Vicerrectora Acad\u00e9mica, Dra. Sof\u00eda Lovato Torres, los Decanos de Formaci\u00f3n acad\u00e9mica, MSc. Dr. Oswaldo Baque Jim\u00e9nez, de Investigaci\u00f3n, Posgrado e Internacionalizaci\u00f3n, Dra. Luz Elvira V\u00e1squez y Vinculaci\u00f3n con la Sociedad y Bienestar Estudiantil, Mgs Juan Fern\u00e1ndez Escobar, Decanos, docentes y estudiantes.<\/p>\n","protected":false},"excerpt":{"rendered":"<p>Un Ambiente de fiesta se vivi\u00f3 en la Universidad de Guayaquil, mimos y zanqueros ubicados en el ingreso de la puerta G- 3, exhibiendo el nuevo logo institucional, dieron la bienvenida a una poblaci\u00f3n de aproximadamente 55.500 estudiantes matriculados hasta el momento en las 17 facultades y 56 carreras vigentes, adem\u00e1s de pregrado, titulaci\u00f3n, cursos [&hellip;]<\/p>\n","protected":false},"author":2,"featured_media":5260,"comment_status":"open","ping_status":"closed","sticky":false,"template":"","format":"standard","meta":{"_jetpack_memberships_contains_paid_content":false,"footnotes":""},"categories":[13],"tags":[568],"class_list":["post-5259","post","type-post","status-publish","format-standard","has-post-thumbnail","hentry","category-noticias-nacionales","tag-universidad-de-guayaquil"],"jetpack_featured_media_url":"https:\/\/radiocresatelital.com\/wp-content\/uploads\/2023\/10\/8ea6c451-5a98-4c29-af59-57a0a60af509.jpeg","jetpack_sharing_enabled":true,"_links":{"self":[{"href":"https:\/\/radiocresatelital.com\/index.php?rest_route=\/wp\/v2\/posts\/5259","targetHints":{"allow":["GET"]}}],"collection":[{"href":"https:\/\/radiocresatelital.com\/index.php?rest_route=\/wp\/v2\/posts"}],"about":[{"href":"https:\/\/radiocresatelital.com\/index.php?rest_route=\/wp\/v2\/types\/post"}],"author":[{"embeddable":true,"href":"https:\/\/radiocresatelital.com\/index.php?rest_route=\/wp\/v2\/users\/2"}],"replies":[{"embeddable":true,"href":"https:\/\/radiocresatelital.com\/index.php?rest_route=%2Fwp%2Fv2%2Fcomments&post=5259"}],"version-history":[{"count":1,"href":"https:\/\/radiocresatelital.com\/index.php?rest_route=\/wp\/v2\/posts\/5259\/revisions"}],"predecessor-version":[{"id":5261,"href":"https:\/\/radiocresatelital.com\/index.php?rest_route=\/wp\/v2\/posts\/5259\/revisions\/5261"}],"wp:featuredmedia":[{"embeddable":true,"href":"https:\/\/radiocresatelital.com\/index.php?rest_route=\/wp\/v2\/media\/5260"}],"wp:attachment":[{"href":"https:\/\/radiocresatelital.com\/index.php?rest_route=%2Fwp%2Fv2%2Fmedia&parent=5259"}],"wp:term":[{"taxonomy":"category","embeddable":true,"href":"https:\/\/radiocresatelital.com\/index.php?rest_route=%2Fwp%2Fv2%2Fcategories&post=5259"},{"taxonomy":"post_tag","embeddable":true,"href":"https:\/\/radiocresatelital.com\/index.php?rest_route=%2Fwp%2Fv2%2Ftags&post=5259"}],"curies":[{"name":"wp","href":"https:\/\/api.w.org\/{rel}","templated":true}]}}