{"id":5173,"date":"2023-09-29T20:27:17","date_gmt":"2023-09-29T20:27:17","guid":{"rendered":"https:\/\/radiocresatelital.com\/?p=5173"},"modified":"2023-09-29T20:27:17","modified_gmt":"2023-09-29T20:27:17","slug":"daniel-noboa-azin-encabezara-gobierno-de-inclusion-y-seguridad","status":"publish","type":"post","link":"https:\/\/radiocresatelital.com\/?p=5173","title":{"rendered":"Daniel Noboa Azin encabezar\u00e1 gobierno de inclusion y seguridad"},"content":{"rendered":"<p>Tulc\u00e1n.- El candidato Daniel Noboa Azin dijo el jueves 28 de septiembre de 2023 durante sus actividades en la provincia del Carchi que en su gobierno habr\u00e1 inclusi\u00f3n y seguridad para la poblaci\u00f3n.<\/p>\n<p>Daniel Noboa present\u00f3 la v\u00edspera el plan FENIX, con el que busca crear, de manera urgente, un entorno seguro para las familias ecuatorianas, que son v\u00edctimas de la violencia y la inseguridad.<\/p>\n<p>\u201cEsta situaci\u00f3n actual la tenemos que cambiar, tenemos que volver a tener la libertad de volver a movilizarnos, tener la libertad de poder salir a la noche sin miedo a que nos roben\u201d, dijo Noboa Azin.<\/p>\n<p>El plan FENIX cuenta con una Central de Inteligencia que permita proveer informaci\u00f3n vital para prevenir delitos, responder a emergencias y garantizar la seguridad de los barrios.<\/p>\n<p>La iniciativa de seguridad dotar\u00e1 a las fuerzas del orden con uniformes de alta resistencia bal\u00edstica, chalecos con panel de cer\u00e1mica y cascos integrales con protecci\u00f3n nivel IV, Pistolas de precisi\u00f3n, rifles de \u00faltima generaci\u00f3n, equipo de visi\u00f3n thermo y nocturna para proteger las 24hrs. Las patrullas ser\u00e1n blindadas y los uniformados tendr\u00e1n drones para monitorear la situaci\u00f3n.<\/p>\n<p><strong>Gobierno de la inclusi\u00f3n<\/strong><br \/>\nNoboa Azin se\u00f1al\u00f3 que en su gobierno se premiar\u00e1 a las empresas y organizaciones \u201cque hagan las cosas bien\u201d en el tema de brindar oportunidades de empleo, en general, y para los grupos vulnerables en particular.<\/p>\n<p>\u201c\u00bfC\u00f3mo les damos oportunidades a nuestra juventud, a las mujeres? pues debemos dar ciertos incentivos que premien a los que hagan las cosas bien y premien a los que contratan m\u00e1s\u201d, explic\u00f3.<\/p>\n<p>El candidato presidencial se comprometi\u00f3 a mejorar la educaci\u00f3n y la salud p\u00fablica, las que seguir\u00e1n siendo gratuitas, con el fin de elevar la calidad de vida de los ecuatorianos.<\/p>\n","protected":false},"excerpt":{"rendered":"<p>Tulc\u00e1n.- El candidato Daniel Noboa Azin dijo el jueves 28 de septiembre de 2023 durante sus actividades en la provincia del Carchi que en su gobierno habr\u00e1 inclusi\u00f3n y seguridad para la poblaci\u00f3n. Daniel Noboa present\u00f3 la v\u00edspera el plan FENIX, con el que busca crear, de manera urgente, un entorno seguro para las familias [&hellip;]<\/p>\n","protected":false},"author":2,"featured_media":5174,"comment_status":"open","ping_status":"closed","sticky":false,"template":"","format":"standard","meta":{"_jetpack_memberships_contains_paid_content":false,"footnotes":""},"categories":[13],"tags":[556],"class_list":["post-5173","post","type-post","status-publish","format-standard","has-post-thumbnail","hentry","category-noticias-nacionales","tag-daniel-noboa"],"jetpack_featured_media_url":"https:\/\/radiocresatelital.com\/wp-content\/uploads\/2023\/09\/F6-X3YYWoAAuOf6.jpeg","jetpack_sharing_enabled":true,"_links":{"self":[{"href":"https:\/\/radiocresatelital.com\/index.php?rest_route=\/wp\/v2\/posts\/5173","targetHints":{"allow":["GET"]}}],"collection":[{"href":"https:\/\/radiocresatelital.com\/index.php?rest_route=\/wp\/v2\/posts"}],"about":[{"href":"https:\/\/radiocresatelital.com\/index.php?rest_route=\/wp\/v2\/types\/post"}],"author":[{"embeddable":true,"href":"https:\/\/radiocresatelital.com\/index.php?rest_route=\/wp\/v2\/users\/2"}],"replies":[{"embeddable":true,"href":"https:\/\/radiocresatelital.com\/index.php?rest_route=%2Fwp%2Fv2%2Fcomments&post=5173"}],"version-history":[{"count":1,"href":"https:\/\/radiocresatelital.com\/index.php?rest_route=\/wp\/v2\/posts\/5173\/revisions"}],"predecessor-version":[{"id":5175,"href":"https:\/\/radiocresatelital.com\/index.php?rest_route=\/wp\/v2\/posts\/5173\/revisions\/5175"}],"wp:featuredmedia":[{"embeddable":true,"href":"https:\/\/radiocresatelital.com\/index.php?rest_route=\/wp\/v2\/media\/5174"}],"wp:attachment":[{"href":"https:\/\/radiocresatelital.com\/index.php?rest_route=%2Fwp%2Fv2%2Fmedia&parent=5173"}],"wp:term":[{"taxonomy":"category","embeddable":true,"href":"https:\/\/radiocresatelital.com\/index.php?rest_route=%2Fwp%2Fv2%2Fcategories&post=5173"},{"taxonomy":"post_tag","embeddable":true,"href":"https:\/\/radiocresatelital.com\/index.php?rest_route=%2Fwp%2Fv2%2Ftags&post=5173"}],"curies":[{"name":"wp","href":"https:\/\/api.w.org\/{rel}","templated":true}]}}