{"id":5170,"date":"2023-09-29T20:22:25","date_gmt":"2023-09-29T20:22:25","guid":{"rendered":"https:\/\/radiocresatelital.com\/?p=5170"},"modified":"2023-09-29T20:22:25","modified_gmt":"2023-09-29T20:22:25","slug":"ministerio-de-educacion-y-la-sociedad-salesiana-en-ecuador-firman-convenio-marco-de-cooperacion-interinstitucional","status":"publish","type":"post","link":"https:\/\/radiocresatelital.com\/?p=5170","title":{"rendered":"Ministerio de Educaci\u00f3n y la Sociedad Salesiana en Ecuador firman convenio Marco de cooperaci\u00f3n interinstitucional"},"content":{"rendered":"<p>Quito.- En las instalaciones de la Inspector\u00eda Salesiana Don Bosco, autoridades del Ministerio de Educaci\u00f3n y de la Sociedad Salesiana en Ecuador se reunieron para formalizar la firma del convenio marco institucional de cooperaci\u00f3n. A trav\u00e9s de este convenio, se coordinar\u00e1n y articular\u00e1n acciones para fortalecer la innovaci\u00f3n educativa, los procesos de contextualizaci\u00f3n curricular y capacitaci\u00f3n docente, con \u00e9nfasis en instituciones educativas fiscomisionales salesianas.<\/p>\n<p>La bienvenida estuvo a cargo del Padre Luis Mosquera, Sdb, ec\u00f3nomo inspectorial, quien enfatiz\u00f3 los esfuerzos conjuntos realizados en pro de la innovaci\u00f3n educativa, capacitaci\u00f3n docente y contextualizaci\u00f3n curricular: \u201cEste es un proceso que ha llevado algunos meses y se ha visto la colaboraci\u00f3n y disponibilidad de parte del Ministerio de Educaci\u00f3n para, una vez m\u00e1s, firmar un nuevo convenio en funci\u00f3n de la educaci\u00f3n del pa\u00eds\u201d.<\/p>\n<p>Al acto de suscripci\u00f3n asisti\u00f3 la ministra de Educaci\u00f3n Mar\u00eda Brown P\u00e9rez, quien agradeci\u00f3 la colaboraci\u00f3n de la Sociedad Salesiana en Ecuador y expres\u00f3: \u201cLa instituci\u00f3n educativa fiscomisional y particular es un aliado estrat\u00e9gico para la educaci\u00f3n fiscal, todos juntos tenemos una misma misi\u00f3n y visi\u00f3n que es sacar adelante a nuestras ni\u00f1as, ni\u00f1os y adolescentes, para que puedan tener las herramientas necesarias para alcanzar exitosamente su plan de vida y hacer un mejor pa\u00eds\u201d.<\/p>\n<p>El Padre Juan Flores, presidente del CONESA, mencion\u00f3 la importancia del convenio: \u201cEstamos convencidos de la gran labor, dedicaci\u00f3n y constancia de muchos hermanos salesianos y seglares comprometidos desde el inicio de nuestra misi\u00f3n educativa pastoral. Con la firma de este convenio, creemos que los principales ganadores ser\u00e1n nuestros j\u00f3venes y ni\u00f1os, especialmente los m\u00e1s despose\u00eddos\u201d.<\/p>\n<p>Kalen P\u00e9rez, estudiante del Colegio T\u00e9cnico Don Bosco Kennedy, agradeci\u00f3 a las autoridades presentes: \u201cEstoy orgulloso de representar a m\u00e1s de 28 mil estudiantes de los centros educativos salesianos para dar las gracias a todos por la firma de este convenio, porque con su esfuerzo y tiempo se han dedicado a sentar las bases y fundamentos necesarios para que la educaci\u00f3n sea el principio de la construcci\u00f3n de una sociedad mejor \u201c.<\/p>\n<p>Enfatizamos la importancia de articular redes de apoyo nacional e internacional a trav\u00e9s de la firma de este tipo de convenios para motivar a que las instituciones educativas propicien y compartan sus procesos de transformaci\u00f3n educativa.<\/p>\n<p>El Ministerio de Educaci\u00f3n impulsa el trabajo colaborativo e interinstitucional en beneficio de nuestra comunidad para mejorar la calidad educativa de nuestros ni\u00f1as, ni\u00f1os y adolescentes.<\/p>\n","protected":false},"excerpt":{"rendered":"<p>Quito.- En las instalaciones de la Inspector\u00eda Salesiana Don Bosco, autoridades del Ministerio de Educaci\u00f3n y de la Sociedad Salesiana en Ecuador se reunieron para formalizar la firma del convenio marco institucional de cooperaci\u00f3n. A trav\u00e9s de este convenio, se coordinar\u00e1n y articular\u00e1n acciones para fortalecer la innovaci\u00f3n educativa, los procesos de contextualizaci\u00f3n curricular y [&hellip;]<\/p>\n","protected":false},"author":2,"featured_media":5171,"comment_status":"open","ping_status":"closed","sticky":false,"template":"","format":"standard","meta":{"_jetpack_memberships_contains_paid_content":false,"footnotes":""},"categories":[13],"tags":[444,927],"class_list":["post-5170","post","type-post","status-publish","format-standard","has-post-thumbnail","hentry","category-noticias-nacionales","tag-ministerio-de-educacion","tag-sociedad-salesiana"],"jetpack_featured_media_url":"https:\/\/radiocresatelital.com\/wp-content\/uploads\/2023\/09\/salesiana-2-1.png","jetpack_sharing_enabled":true,"_links":{"self":[{"href":"https:\/\/radiocresatelital.com\/index.php?rest_route=\/wp\/v2\/posts\/5170","targetHints":{"allow":["GET"]}}],"collection":[{"href":"https:\/\/radiocresatelital.com\/index.php?rest_route=\/wp\/v2\/posts"}],"about":[{"href":"https:\/\/radiocresatelital.com\/index.php?rest_route=\/wp\/v2\/types\/post"}],"author":[{"embeddable":true,"href":"https:\/\/radiocresatelital.com\/index.php?rest_route=\/wp\/v2\/users\/2"}],"replies":[{"embeddable":true,"href":"https:\/\/radiocresatelital.com\/index.php?rest_route=%2Fwp%2Fv2%2Fcomments&post=5170"}],"version-history":[{"count":1,"href":"https:\/\/radiocresatelital.com\/index.php?rest_route=\/wp\/v2\/posts\/5170\/revisions"}],"predecessor-version":[{"id":5172,"href":"https:\/\/radiocresatelital.com\/index.php?rest_route=\/wp\/v2\/posts\/5170\/revisions\/5172"}],"wp:featuredmedia":[{"embeddable":true,"href":"https:\/\/radiocresatelital.com\/index.php?rest_route=\/wp\/v2\/media\/5171"}],"wp:attachment":[{"href":"https:\/\/radiocresatelital.com\/index.php?rest_route=%2Fwp%2Fv2%2Fmedia&parent=5170"}],"wp:term":[{"taxonomy":"category","embeddable":true,"href":"https:\/\/radiocresatelital.com\/index.php?rest_route=%2Fwp%2Fv2%2Fcategories&post=5170"},{"taxonomy":"post_tag","embeddable":true,"href":"https:\/\/radiocresatelital.com\/index.php?rest_route=%2Fwp%2Fv2%2Ftags&post=5170"}],"curies":[{"name":"wp","href":"https:\/\/api.w.org\/{rel}","templated":true}]}}