{"id":51577,"date":"2026-04-29T22:49:48","date_gmt":"2026-04-29T22:49:48","guid":{"rendered":"https:\/\/radiocresatelital.com\/?p=51577"},"modified":"2026-04-29T22:49:48","modified_gmt":"2026-04-29T22:49:48","slug":"roma-sera-donde-lleguen-los-ciclistas-del-giro-de-italia-2026","status":"publish","type":"post","link":"https:\/\/radiocresatelital.com\/?p=51577","title":{"rendered":"Roma ser\u00e1 donde lleguen los ciclistas del Giro de Italia 2026"},"content":{"rendered":"<p>Par\u00eds.- La cuidad de Roma albergar\u00e1 por octava vez, la llegada de la edici\u00f3n n\u00famero 109 del Giro de Italia, que se llevar\u00e1 a cabo del viernes 8 al domingo 31 de mayo.<\/p>\n<p>\u00abSe est\u00e1 convirtiendo en una tradici\u00f3n.\u00a0Ya no podemos hablar de experimentaci\u00f3n\u00bb, afirm\u00f3 el alcalde de Roma, Roberto Gualtieri, durante la presentaci\u00f3n del Giro de Italia celebrada en el Campidoglio, donde estuvo acompa\u00f1ado por Urbano Cairo, presidente de RCS MediaGroup.<\/p>\n<p>La rueda de prensa tambi\u00e9n sirvi\u00f3 para presentar la nueva \u00abMaglia Rosa\u00bb, que lucir\u00e1 el lema \u00abIo sono Friuli Venezia Giulia\u00bb como patrocinador oficial, adem\u00e1s de un espacio en el cuello dedicado a conmemorar el aniversario n\u00famero 80 de la Rep\u00fablica Italiana.<\/p>\n<p>Por este motivo, Cairo, que tambi\u00e9n es presidente del club Torino, calific\u00f3 el Giro de Italia como \u00abuna gran celebraci\u00f3n\u00bb, propiciada por Roma, que \u00abproporciona un escenario fant\u00e1stico\u00bb.<\/p>\n<p>Tambi\u00e9n estuvieron presentes el director ejecutivo de RCS Group, Paolo Bellino; el concejal de Roma para eventos de Deportes, Turismo y Moda, Alessandro Onorato; y el ex campe\u00f3n y dos veces ganador del Giro de Italia, Vincenzo Nibali, quien describi\u00f3 a Roma como \u00abun escaparate incre\u00edble\u00bb para la carrera que tendr\u00e1 un recorrido de 3.459 kil\u00f3metros divididos en 21 etapas.<\/p>\n<p>La carrera comenzar\u00e1 en Bulgaria e ingresar\u00e1 al territorio italiano el martes 12 de mayo con la etapa entre Catanzaro y Cosenza, mientras que el ep\u00edlogo en el \u00abCirco M\u00e1ximo\u00bb de Roma, donde tambi\u00e9n visitar\u00e1n otros sitios hist\u00f3ricos como el Coliseo y las Termas de Caracalla.<\/p>\n","protected":false},"excerpt":{"rendered":"<p>Par\u00eds.- La cuidad de Roma albergar\u00e1 por octava vez, la llegada de la edici\u00f3n n\u00famero 109 del Giro de Italia, que se llevar\u00e1 a cabo del viernes 8 al domingo 31 de mayo. \u00abSe est\u00e1 convirtiendo en una tradici\u00f3n.\u00a0Ya no podemos hablar de experimentaci\u00f3n\u00bb, afirm\u00f3 el alcalde de Roma, Roberto Gualtieri, durante la presentaci\u00f3n del [&hellip;]<\/p>\n","protected":false},"author":2,"featured_media":51578,"comment_status":"open","ping_status":"closed","sticky":false,"template":"","format":"standard","meta":{"_jetpack_memberships_contains_paid_content":false,"footnotes":""},"categories":[9],"tags":[6901],"class_list":["post-51577","post","type-post","status-publish","format-standard","has-post-thumbnail","hentry","category-deportes","tag-giro-de-italia-2026"],"jetpack_featured_media_url":"https:\/\/radiocresatelital.com\/wp-content\/uploads\/2026\/04\/115304891f9cb3b85f2fe23d32d40cd5.webp","jetpack_sharing_enabled":true,"_links":{"self":[{"href":"https:\/\/radiocresatelital.com\/index.php?rest_route=\/wp\/v2\/posts\/51577","targetHints":{"allow":["GET"]}}],"collection":[{"href":"https:\/\/radiocresatelital.com\/index.php?rest_route=\/wp\/v2\/posts"}],"about":[{"href":"https:\/\/radiocresatelital.com\/index.php?rest_route=\/wp\/v2\/types\/post"}],"author":[{"embeddable":true,"href":"https:\/\/radiocresatelital.com\/index.php?rest_route=\/wp\/v2\/users\/2"}],"replies":[{"embeddable":true,"href":"https:\/\/radiocresatelital.com\/index.php?rest_route=%2Fwp%2Fv2%2Fcomments&post=51577"}],"version-history":[{"count":1,"href":"https:\/\/radiocresatelital.com\/index.php?rest_route=\/wp\/v2\/posts\/51577\/revisions"}],"predecessor-version":[{"id":51579,"href":"https:\/\/radiocresatelital.com\/index.php?rest_route=\/wp\/v2\/posts\/51577\/revisions\/51579"}],"wp:featuredmedia":[{"embeddable":true,"href":"https:\/\/radiocresatelital.com\/index.php?rest_route=\/wp\/v2\/media\/51578"}],"wp:attachment":[{"href":"https:\/\/radiocresatelital.com\/index.php?rest_route=%2Fwp%2Fv2%2Fmedia&parent=51577"}],"wp:term":[{"taxonomy":"category","embeddable":true,"href":"https:\/\/radiocresatelital.com\/index.php?rest_route=%2Fwp%2Fv2%2Fcategories&post=51577"},{"taxonomy":"post_tag","embeddable":true,"href":"https:\/\/radiocresatelital.com\/index.php?rest_route=%2Fwp%2Fv2%2Ftags&post=51577"}],"curies":[{"name":"wp","href":"https:\/\/api.w.org\/{rel}","templated":true}]}}