{"id":51574,"date":"2026-04-29T22:37:12","date_gmt":"2026-04-29T22:37:12","guid":{"rendered":"https:\/\/radiocresatelital.com\/?p=51574"},"modified":"2026-04-29T22:37:12","modified_gmt":"2026-04-29T22:37:12","slug":"ecuador-se-dirige-hacia-una-salud-integral-la-ley-de-diabetes-y-obesidad-avanza-con-fuerza-en-la-asamblea-nacional","status":"publish","type":"post","link":"https:\/\/radiocresatelital.com\/?p=51574","title":{"rendered":"Ecuador se dirige hacia una salud integral: La Ley de Diabetes y Obesidad avanza con fuerza en la Asamblea Nacional"},"content":{"rendered":"<p>Quito.- En una jornada marcada por una visi\u00f3n de futuro y el compromiso con la salud p\u00fablica, el Pleno de la Asamblea Nacional del Ecuador debati\u00f3 hoy el Proyecto de Ley Reformatoria a la Ley de Prevenci\u00f3n, Protecci\u00f3n y Atenci\u00f3n Integral de las Personas que Padecen Diabetes, unificado con la propuesta de Prevenci\u00f3n de la Obesidad.<\/p>\n<p>Tras un di\u00e1logo constructivo en el que los asamble\u00edstas presentaron observaciones para robustecer la norma, el proyecto regresar\u00e1 a la Comisi\u00f3n de Salud para incorporar estos aportes t\u00e9cnicos que aseguren una ley integral y de vanguardia y deber\u00e1 ser enviada nuevamente al pleno en un plazo de 8 d\u00edas.<\/p>\n<p><strong>\u00a0<\/strong>Uno de los puntos centrales del debate fue la urgencia de renovar el marco legal vigente. La actual Ley de la Diabetes fue aprobada en el a\u00f1o 2004 y, desde entonces, no ha recibido una actualizaci\u00f3n que responda a la evoluci\u00f3n epidemiol\u00f3gica, los avances tecnol\u00f3gicos y los nuevos patrones de consumo en el pa\u00eds.<\/p>\n<p><strong>Un sistema que apuesta por la prevenci\u00f3n y la dignidad<\/strong><\/p>\n<p><strong>\u00a0<\/strong>La discusi\u00f3n legislativa reconoce una realidad que hoy afecta a 1 de cada 9 personas en el pa\u00eds. Seg\u00fan datos de la Encuesta Nacional de Diabetes y Factores Asociados, la Casa de la Diabetes y CEVAXIN, la prevalencia de esta condici\u00f3n alcanza el 11,03% a nivel nacional. La propuesta busca transformar un panorama donde el 5,5% de la poblaci\u00f3n desconoce su condici\u00f3n y un 17,9% no accede a tratamiento oportuno.<\/p>\n<p><strong>Los ejes clave de la propuesta incluyen:<\/strong><strong>\u00a0<\/strong><\/p>\n<ul>\n<li><strong>Programa Nacional de Diabetes (PND): <\/strong>Liderado por el MSP para coordinar la prevenci\u00f3n e investigaci\u00f3n.<\/li>\n<li><strong>Protecci\u00f3n de Derechos: <\/strong>Garant\u00eda de no discriminaci\u00f3n en \u00e1mbitos educativos y laborales.<\/li>\n<li><strong>Seguridad Alimentaria: <\/strong>Creaci\u00f3n de un comit\u00e9 especializado para regular la alimentaci\u00f3n escolar y el etiquetado.<\/li>\n<li><strong>Acceso Integral: <\/strong>Rutas claras para la entrega de medicamentos y tratamiento de complicaciones visuales, renales y cardiovasculares.<\/li>\n<\/ul>\n<p><strong>La salud como inversi\u00f3n estrat\u00e9gica para el desarrollo<\/strong><strong>\u00a0<\/strong><\/p>\n<p>El debate subray\u00f3 que la prevenci\u00f3n es la decisi\u00f3n m\u00e1s costo-efectiva para el Estado. Seg\u00fan el estudio de Carga de enfermedad (2025), la diabetes le cuesta al Ecuador el 8,6% de su PIB, cifra que supera la inversi\u00f3n nacional en educaci\u00f3n.<\/p>\n<p>La evidencia muestra que el costo de no actuar es insostenible: el impacto anual de la ceguera por diabetes alcanza los USD 259,7 millones por p\u00e9rdida de productividad. Ante esto, la ley promueve el acceso a innovaci\u00f3n tecnol\u00f3gica, como el monitoreo continuo de glucosa, para evitar complicaciones que pueden costar hasta USD 33.000 por paciente al a\u00f1o en casos de discapacidad visual.<\/p>\n<p>\u00abEstamos ante un hito de corresponsabilidad. Esta ley, que fue construida arduamente durante 5 a\u00f1os, con un riguroso sustento t\u00e9cnico e incluy\u00f3 a diversos sectores, busca actualizar un marco normativo que data de 2004 y que ya no responde a nuestra realidad. No solo trata una enfermedad; reconoce la obesidad como condici\u00f3n cr\u00f3nica, proh\u00edbe la discriminaci\u00f3n y asegura que el sistema llegue a tiempo para evitar discapacidades prevenibles\u00bb <strong>coment\u00f3 Ana Fernanda S\u00e1nchez, Directora de la Casa de la Diabetes<\/strong>, quien tambi\u00e9n se\u00f1al\u00f3 que es indispensable que los procesos tengan celeridad, e inst\u00f3 a los legisladores a aprobar urgentemente la norma que tendr\u00e1 como \u00fanicos beneficiarios a los pacientes.<\/p>\n<p>Con las observaciones recogidas en el Pleno, Ecuador se encamina hacia una pol\u00edtica p\u00fablica que protege la vida, fomenta la actividad f\u00edsica y garantiza un futuro saludable para miles de familias.<\/p>\n","protected":false},"excerpt":{"rendered":"<p>Quito.- En una jornada marcada por una visi\u00f3n de futuro y el compromiso con la salud p\u00fablica, el Pleno de la Asamblea Nacional del Ecuador debati\u00f3 hoy el Proyecto de Ley Reformatoria a la Ley de Prevenci\u00f3n, Protecci\u00f3n y Atenci\u00f3n Integral de las Personas que Padecen Diabetes, unificado con la propuesta de Prevenci\u00f3n de la [&hellip;]<\/p>\n","protected":false},"author":2,"featured_media":51575,"comment_status":"open","ping_status":"closed","sticky":false,"template":"","format":"standard","meta":{"_jetpack_memberships_contains_paid_content":false,"footnotes":""},"categories":[1023],"tags":[8517,8516],"class_list":["post-51574","post","type-post","status-publish","format-standard","has-post-thumbnail","hentry","category-salud","tag-proteccion-y-atencion-integral-de-las-personas-que-padecen-diabetes","tag-proyecto-de-ley-reformatoria-a-la-ley-de-prevencion"],"jetpack_featured_media_url":"https:\/\/radiocresatelital.com\/wp-content\/uploads\/2026\/04\/sin_titulo_178.jpg","jetpack_sharing_enabled":true,"_links":{"self":[{"href":"https:\/\/radiocresatelital.com\/index.php?rest_route=\/wp\/v2\/posts\/51574","targetHints":{"allow":["GET"]}}],"collection":[{"href":"https:\/\/radiocresatelital.com\/index.php?rest_route=\/wp\/v2\/posts"}],"about":[{"href":"https:\/\/radiocresatelital.com\/index.php?rest_route=\/wp\/v2\/types\/post"}],"author":[{"embeddable":true,"href":"https:\/\/radiocresatelital.com\/index.php?rest_route=\/wp\/v2\/users\/2"}],"replies":[{"embeddable":true,"href":"https:\/\/radiocresatelital.com\/index.php?rest_route=%2Fwp%2Fv2%2Fcomments&post=51574"}],"version-history":[{"count":1,"href":"https:\/\/radiocresatelital.com\/index.php?rest_route=\/wp\/v2\/posts\/51574\/revisions"}],"predecessor-version":[{"id":51576,"href":"https:\/\/radiocresatelital.com\/index.php?rest_route=\/wp\/v2\/posts\/51574\/revisions\/51576"}],"wp:featuredmedia":[{"embeddable":true,"href":"https:\/\/radiocresatelital.com\/index.php?rest_route=\/wp\/v2\/media\/51575"}],"wp:attachment":[{"href":"https:\/\/radiocresatelital.com\/index.php?rest_route=%2Fwp%2Fv2%2Fmedia&parent=51574"}],"wp:term":[{"taxonomy":"category","embeddable":true,"href":"https:\/\/radiocresatelital.com\/index.php?rest_route=%2Fwp%2Fv2%2Fcategories&post=51574"},{"taxonomy":"post_tag","embeddable":true,"href":"https:\/\/radiocresatelital.com\/index.php?rest_route=%2Fwp%2Fv2%2Ftags&post=51574"}],"curies":[{"name":"wp","href":"https:\/\/api.w.org\/{rel}","templated":true}]}}