{"id":51571,"date":"2026-04-29T17:29:36","date_gmt":"2026-04-29T17:29:36","guid":{"rendered":"https:\/\/radiocresatelital.com\/?p=51571"},"modified":"2026-04-29T22:32:46","modified_gmt":"2026-04-29T22:32:46","slug":"en-exclusiva-sukasa-trae-beko-la-marca-numero-1-en-europa-innovacion-eficiencia-y-diseno-de-alto-nivel-ahora-estan-mas-cerca-de-tu-hogar","status":"publish","type":"post","link":"https:\/\/radiocresatelital.com\/?p=51571","title":{"rendered":"En exclusiva, Sukasa trae BEKO, la marca n\u00famero 1 en Europa Innovaci\u00f3n, eficiencia y dise\u00f1o de alto nivel ahora est\u00e1n m\u00e1s cerca de tu hogar"},"content":{"rendered":"<p>Quito.- Sukasa anuncia la llegada en exclusiva de la reconocida marca n\u00famero 1 de electrodom\u00e9sticos en Europa BEKO, una propuesta de valor basada en innovaci\u00f3n, eficiencia y dise\u00f1o. Con esta alianza, los clientes de Sukasa podr\u00e1n acceder a un portafolio de productos como: refrigeradoras, cocinas, planchas de cocina, hornos, estractores de olor y lavavajillas.<\/p>\n<p>Con una s\u00f3lida reputaci\u00f3n basada en la innovaci\u00f3n, la eficiencia energ\u00e9tica y el dise\u00f1o funcional, BEKO se ha consolidado como la marca n\u00famero 1 en Europa, ofreciendo soluciones pensadas para mejorar la vida cotidiana de los hogares modernos.<\/p>\n<p>Gracias a esta alianza estrat\u00e9gica, Sukasa refuerza su compromiso de brindar a sus clientes tecnolog\u00eda de vanguardia, productos confiables y experiencias superiores, acercando al mercado local est\u00e1ndares europeos de calidad y sostenibilidad.<\/p>\n<p>\u201cEn Sukasa trabajamos constantemente para ofrecer lo mejor a nuestros clientes. La llegada de BEKO representa un paso importante en nuestra misi\u00f3n de innovar y elevar el nivel de nuestro portafolio\u201d, se\u00f1al\u00f3 Lorena Fabara, gerente de marketing de Sukasa.<\/p>\n<p>Los productos BEKO se encuentran disponibles en todas las tiendas Sukasa a nivel nacional o consulta en sus canales oficiales @almacenessukasa<\/p>\n","protected":false},"excerpt":{"rendered":"<p>Quito.- Sukasa anuncia la llegada en exclusiva de la reconocida marca n\u00famero 1 de electrodom\u00e9sticos en Europa BEKO, una propuesta de valor basada en innovaci\u00f3n, eficiencia y dise\u00f1o. Con esta alianza, los clientes de Sukasa podr\u00e1n acceder a un portafolio de productos como: refrigeradoras, cocinas, planchas de cocina, hornos, estractores de olor y lavavajillas. Con [&hellip;]<\/p>\n","protected":false},"author":2,"featured_media":51572,"comment_status":"open","ping_status":"closed","sticky":false,"template":"","format":"standard","meta":{"_jetpack_memberships_contains_paid_content":false,"footnotes":""},"categories":[122],"tags":[3682],"class_list":["post-51571","post","type-post","status-publish","format-standard","has-post-thumbnail","hentry","category-tecnologia","tag-sukasa"],"jetpack_featured_media_url":"https:\/\/radiocresatelital.com\/wp-content\/uploads\/2026\/04\/WhatsApp-Image-2026-04-29-at-11.47.55.jpeg","jetpack_sharing_enabled":true,"_links":{"self":[{"href":"https:\/\/radiocresatelital.com\/index.php?rest_route=\/wp\/v2\/posts\/51571","targetHints":{"allow":["GET"]}}],"collection":[{"href":"https:\/\/radiocresatelital.com\/index.php?rest_route=\/wp\/v2\/posts"}],"about":[{"href":"https:\/\/radiocresatelital.com\/index.php?rest_route=\/wp\/v2\/types\/post"}],"author":[{"embeddable":true,"href":"https:\/\/radiocresatelital.com\/index.php?rest_route=\/wp\/v2\/users\/2"}],"replies":[{"embeddable":true,"href":"https:\/\/radiocresatelital.com\/index.php?rest_route=%2Fwp%2Fv2%2Fcomments&post=51571"}],"version-history":[{"count":1,"href":"https:\/\/radiocresatelital.com\/index.php?rest_route=\/wp\/v2\/posts\/51571\/revisions"}],"predecessor-version":[{"id":51573,"href":"https:\/\/radiocresatelital.com\/index.php?rest_route=\/wp\/v2\/posts\/51571\/revisions\/51573"}],"wp:featuredmedia":[{"embeddable":true,"href":"https:\/\/radiocresatelital.com\/index.php?rest_route=\/wp\/v2\/media\/51572"}],"wp:attachment":[{"href":"https:\/\/radiocresatelital.com\/index.php?rest_route=%2Fwp%2Fv2%2Fmedia&parent=51571"}],"wp:term":[{"taxonomy":"category","embeddable":true,"href":"https:\/\/radiocresatelital.com\/index.php?rest_route=%2Fwp%2Fv2%2Fcategories&post=51571"},{"taxonomy":"post_tag","embeddable":true,"href":"https:\/\/radiocresatelital.com\/index.php?rest_route=%2Fwp%2Fv2%2Ftags&post=51571"}],"curies":[{"name":"wp","href":"https:\/\/api.w.org\/{rel}","templated":true}]}}