{"id":51568,"date":"2026-04-29T21:54:40","date_gmt":"2026-04-29T21:54:40","guid":{"rendered":"https:\/\/radiocresatelital.com\/?p=51568"},"modified":"2026-04-29T21:54:40","modified_gmt":"2026-04-29T21:54:40","slug":"achraf-hakimi-lateral-del-psg-se-pierde-unas-semanas-por-lesion","status":"publish","type":"post","link":"https:\/\/radiocresatelital.com\/?p=51568","title":{"rendered":"Achraf Hakimi lateral del PSG se pierde unas semanas por lesi\u00f3n"},"content":{"rendered":"<p class=\"ssrcss-1q0x1qg-Paragraph e1jhz7w10\"><span dir=\"auto\">Par\u00eds.- Achraf Hakimi, lateral perteneciente al PSG no estar\u00e1 presente las pr\u00f3ximas semanas por una fuerte lesi\u00f3n durante victoria de su equipo contra el <\/span><span dir=\"auto\">Bayern de M\u00fanich en la Liga de Campeones.<\/span><\/p>\n<p class=\"ssrcss-1q0x1qg-Paragraph e1jhz7w10\"><span dir=\"auto\">Hakimi disput\u00f3 los 90 minutos completos y dio una asistencia a Khvicha Kvaratskhelia, contribuyendo a la victoria por 5-4<\/span><span dir=\"auto\">\u00a0de los vigentes campeones\u00a0ante el equipo de la Bundesliga en el partido de ida de las semifinales disputado el martes en Par\u00eds.<\/span><\/p>\n<p class=\"ssrcss-1q0x1qg-Paragraph e1jhz7w10\"><span dir=\"auto\">\u00abTras sufrir una lesi\u00f3n en el muslo derecho durante el partido contra el Bayern, Hakimi permanecer\u00e1 en tratamiento durante las pr\u00f3ximas semanas\u00bb, inform\u00f3 el PSG en un comunicado.<\/span><\/p>\n<p class=\"ssrcss-1q0x1qg-Paragraph e1jhz7w10\"><span dir=\"auto\">El internacional marroqu\u00ed se perder\u00e1 el partido de vuelta de las semifinales contra el equipo alem\u00e1n en M\u00fanich el 6 de mayo.<\/span><\/p>\n<p class=\"ssrcss-1q0x1qg-Paragraph e1jhz7w10\"><span dir=\"auto\">Hakimi fue sustituido en el descanso en la victoria del PSG por 3-0 ante el Angers en la Ligue 1 el pasado fin de semana, pero regres\u00f3 al once inicial contra el Bayern.<\/span><\/p>\n<p class=\"ssrcss-1q0x1qg-Paragraph e1jhz7w10\"><span dir=\"auto\">El lateral derecho se detuvo agarr\u00e1ndose el isquiotibial en los \u00faltimos minutos del partido de ida, pero permaneci\u00f3 en el campo tras recibir tratamiento, ya que el PSG hab\u00eda agotado todos sus cambios.<\/span><\/p>\n<p class=\"ssrcss-1q0x1qg-Paragraph e1jhz7w10\"><span dir=\"auto\">La lesi\u00f3n tambi\u00e9n plantea dudas sobre la disponibilidad de Hakimi para la pr\u00f3xima Copa del Mundo, que comenzar\u00e1 en Estados Unidos, Canad\u00e1 y M\u00e9xico dentro de seis semanas.<\/span><\/p>\n<p class=\"ssrcss-1q0x1qg-Paragraph e1jhz7w10\"><span dir=\"auto\">Hakimi ha sido un jugador clave en el PSG de Luis Enrique y marc\u00f3 el primer gol cuando los parisinos derrotaron al Inter de Mil\u00e1n por 5-0 en la final de la temporada pasada, convirti\u00e9ndose as\u00ed en campeones de Europa por primera vez.<\/span><\/p>\n<p class=\"ssrcss-1q0x1qg-Paragraph e1jhz7w10\"><span dir=\"auto\">Tambi\u00e9n fue titular en todos los partidos de Marruecos durante su\u00a0<\/span><span dir=\"auto\">hist\u00f3rica trayectoria hasta las semifinales<\/span><span dir=\"auto\">\u00a0del Mundial de 2022.<\/span><\/p>\n","protected":false},"excerpt":{"rendered":"<p>Par\u00eds.- Achraf Hakimi, lateral perteneciente al PSG no estar\u00e1 presente las pr\u00f3ximas semanas por una fuerte lesi\u00f3n durante victoria de su equipo contra el Bayern de M\u00fanich en la Liga de Campeones. Hakimi disput\u00f3 los 90 minutos completos y dio una asistencia a Khvicha Kvaratskhelia, contribuyendo a la victoria por 5-4\u00a0de los vigentes campeones\u00a0ante el [&hellip;]<\/p>\n","protected":false},"author":2,"featured_media":51569,"comment_status":"open","ping_status":"closed","sticky":false,"template":"","format":"standard","meta":{"_jetpack_memberships_contains_paid_content":false,"footnotes":""},"categories":[7],"tags":[8515,355],"class_list":["post-51568","post","type-post","status-publish","format-standard","has-post-thumbnail","hentry","category-futbol-internacional","tag-achraf-hakimi","tag-psg"],"jetpack_featured_media_url":"https:\/\/radiocresatelital.com\/wp-content\/uploads\/2026\/04\/bf296eb0-43f8-11f1-b55d-0f258dce1735.jpg.webp","jetpack_sharing_enabled":true,"_links":{"self":[{"href":"https:\/\/radiocresatelital.com\/index.php?rest_route=\/wp\/v2\/posts\/51568","targetHints":{"allow":["GET"]}}],"collection":[{"href":"https:\/\/radiocresatelital.com\/index.php?rest_route=\/wp\/v2\/posts"}],"about":[{"href":"https:\/\/radiocresatelital.com\/index.php?rest_route=\/wp\/v2\/types\/post"}],"author":[{"embeddable":true,"href":"https:\/\/radiocresatelital.com\/index.php?rest_route=\/wp\/v2\/users\/2"}],"replies":[{"embeddable":true,"href":"https:\/\/radiocresatelital.com\/index.php?rest_route=%2Fwp%2Fv2%2Fcomments&post=51568"}],"version-history":[{"count":1,"href":"https:\/\/radiocresatelital.com\/index.php?rest_route=\/wp\/v2\/posts\/51568\/revisions"}],"predecessor-version":[{"id":51570,"href":"https:\/\/radiocresatelital.com\/index.php?rest_route=\/wp\/v2\/posts\/51568\/revisions\/51570"}],"wp:featuredmedia":[{"embeddable":true,"href":"https:\/\/radiocresatelital.com\/index.php?rest_route=\/wp\/v2\/media\/51569"}],"wp:attachment":[{"href":"https:\/\/radiocresatelital.com\/index.php?rest_route=%2Fwp%2Fv2%2Fmedia&parent=51568"}],"wp:term":[{"taxonomy":"category","embeddable":true,"href":"https:\/\/radiocresatelital.com\/index.php?rest_route=%2Fwp%2Fv2%2Fcategories&post=51568"},{"taxonomy":"post_tag","embeddable":true,"href":"https:\/\/radiocresatelital.com\/index.php?rest_route=%2Fwp%2Fv2%2Ftags&post=51568"}],"curies":[{"name":"wp","href":"https:\/\/api.w.org\/{rel}","templated":true}]}}