{"id":51561,"date":"2026-04-29T20:21:18","date_gmt":"2026-04-29T20:21:18","guid":{"rendered":"https:\/\/radiocresatelital.com\/?p=51561"},"modified":"2026-04-29T21:22:33","modified_gmt":"2026-04-29T21:22:33","slug":"transporte-turistico-del-ecuador-celebra-10-anos-de-institucionalidad","status":"publish","type":"post","link":"https:\/\/radiocresatelital.com\/?p=51561","title":{"rendered":"Transporte Tur\u00edstico del Ecuador celebra 10 a\u00f1os de institucionalidad"},"content":{"rendered":"<p>Quito.- El sector de la transportaci\u00f3n tur\u00edstica del Ecuador se dar\u00e1 cita el pr\u00f3ximo 24 de abril del 2026 en la ciudad de Cuenca para conmemorar el d\u00e9cimo aniversario de vida institucional, en un evento que reunir\u00e1 a autoridades, actores del sector p\u00fablico, aliados estrat\u00e9gicos y representantes del gremio a nivel nacional.<\/p>\n<p>Esta Convenci\u00f3n Nacional tiene como prop\u00f3sito consolidar un espacio de di\u00e1logo y articulaci\u00f3n que fortalezca la integraci\u00f3n gremial, promueva el cumplimiento del marco legal vigente y posicione al transporte tur\u00edstico como un eje estrat\u00e9gico para el desarrollo econ\u00f3mico y tur\u00edstico del pa\u00eds.<\/p>\n<p>Durante la jornada se desarrollar\u00e1n capacitaciones especializadas dirigidas a los actores del sector, enfocadas en resolver inquietudes operativas, actualizar conocimientos y mejorar la calidad del servicio tur\u00edstico.<\/p>\n<p>A lo largo de estos 10 a\u00f1os de trayectoria, uno de los principales ejes de acci\u00f3n ha sido la defensa del \u00e1mbito de operaci\u00f3n, as\u00ed como la lucha permanente contra la informalidad y la ilegalidad que afectan al sector. Este trabajo se ha fortalecido mediante constantes espacios de di\u00e1logo y gesti\u00f3n en defensa de los derechos laborales y profesionales de los transportistas tur\u00edsticos.<\/p>\n<p>En este contexto, Shirley Rivera Guerrero, presidenta de FENATTURE, destaca:<br \/>\n\u00abEste aniversario no solo representa una d\u00e9cada de esfuerzo y perseverancia, sino tambi\u00e9n el compromiso firme de seguir trabajando por un sector ordenado, formal y reconocido como parte fundamental del desarrollo tur\u00edstico del Ecuador.\u00bb<\/p>\n<p>El evento tambi\u00e9n contemplar\u00e1 un acto de reconocimiento a los agremiados fundadores y aliados estrat\u00e9gicos, fomentando la unidad y el fortalecimiento institucional.<\/p>\n<p>La transportaci\u00f3n tur\u00edstica del Ecuador reafirma su compromiso de mantenerse a la vanguardia de los cambios y desaf\u00edos del sector, promoviendo un trabajo equitativo, formal y enmarcado en la legalidad.<\/p>\n","protected":false},"excerpt":{"rendered":"<p>Quito.- El sector de la transportaci\u00f3n tur\u00edstica del Ecuador se dar\u00e1 cita el pr\u00f3ximo 24 de abril del 2026 en la ciudad de Cuenca para conmemorar el d\u00e9cimo aniversario de vida institucional, en un evento que reunir\u00e1 a autoridades, actores del sector p\u00fablico, aliados estrat\u00e9gicos y representantes del gremio a nivel nacional. Esta Convenci\u00f3n Nacional [&hellip;]<\/p>\n","protected":false},"author":2,"featured_media":51562,"comment_status":"open","ping_status":"closed","sticky":false,"template":"","format":"standard","meta":{"_jetpack_memberships_contains_paid_content":false,"footnotes":""},"categories":[13],"tags":[8514],"class_list":["post-51561","post","type-post","status-publish","format-standard","has-post-thumbnail","hentry","category-noticias-nacionales","tag-transportacion-turistica-del-ecuador"],"jetpack_featured_media_url":"https:\/\/radiocresatelital.com\/wp-content\/uploads\/2026\/04\/WhatsApp-Image-2026-04-21-at-16.12.14.jpeg","jetpack_sharing_enabled":true,"_links":{"self":[{"href":"https:\/\/radiocresatelital.com\/index.php?rest_route=\/wp\/v2\/posts\/51561","targetHints":{"allow":["GET"]}}],"collection":[{"href":"https:\/\/radiocresatelital.com\/index.php?rest_route=\/wp\/v2\/posts"}],"about":[{"href":"https:\/\/radiocresatelital.com\/index.php?rest_route=\/wp\/v2\/types\/post"}],"author":[{"embeddable":true,"href":"https:\/\/radiocresatelital.com\/index.php?rest_route=\/wp\/v2\/users\/2"}],"replies":[{"embeddable":true,"href":"https:\/\/radiocresatelital.com\/index.php?rest_route=%2Fwp%2Fv2%2Fcomments&post=51561"}],"version-history":[{"count":2,"href":"https:\/\/radiocresatelital.com\/index.php?rest_route=\/wp\/v2\/posts\/51561\/revisions"}],"predecessor-version":[{"id":51564,"href":"https:\/\/radiocresatelital.com\/index.php?rest_route=\/wp\/v2\/posts\/51561\/revisions\/51564"}],"wp:featuredmedia":[{"embeddable":true,"href":"https:\/\/radiocresatelital.com\/index.php?rest_route=\/wp\/v2\/media\/51562"}],"wp:attachment":[{"href":"https:\/\/radiocresatelital.com\/index.php?rest_route=%2Fwp%2Fv2%2Fmedia&parent=51561"}],"wp:term":[{"taxonomy":"category","embeddable":true,"href":"https:\/\/radiocresatelital.com\/index.php?rest_route=%2Fwp%2Fv2%2Fcategories&post=51561"},{"taxonomy":"post_tag","embeddable":true,"href":"https:\/\/radiocresatelital.com\/index.php?rest_route=%2Fwp%2Fv2%2Ftags&post=51561"}],"curies":[{"name":"wp","href":"https:\/\/api.w.org\/{rel}","templated":true}]}}