{"id":51558,"date":"2026-04-29T21:17:51","date_gmt":"2026-04-29T21:17:51","guid":{"rendered":"https:\/\/radiocresatelital.com\/?p=51558"},"modified":"2026-04-29T21:17:51","modified_gmt":"2026-04-29T21:17:51","slug":"best-pc-ecuador-consigue-dos-lideratos-en-el-inicio-de-la-vuelta-a-bantrab-en-guatemala","status":"publish","type":"post","link":"https:\/\/radiocresatelital.com\/?p=51558","title":{"rendered":"Best PC Ecuador consigue dos lideratos en el inicio de la Vuelta a Bantrab en Guatemala"},"content":{"rendered":"<p>Quito.- Durante el inicio de la quinta edici\u00f3n de la Vuelta Bantrab, el Best PC Ecuador logr\u00f3 dos lideratos: de la monta\u00f1a y de la categor\u00eda sub-23. La carrera se desarrollar\u00e1 en Guatemala hasta el pr\u00f3ximo 3 de mayo.<\/p>\n<p>El experimentado ciclista tricolor Byron Guam\u00e1 fue el encargado de entregar el primer triunfo parcial para el elenco tecnol\u00f3gico, luego de cruzar primero en el \u00fanico premio de monta\u00f1a de la jornada, en el alto de Mazatenango.<\/p>\n<p>Mientras que el joven prospecto Kevin Navas se adjudic\u00f3 el liderato en la categor\u00eda sub-23, al cruzar la meta en la d\u00e9cima casilla y ser el mejor entre los menores de 23 a\u00f1os.<\/p>\n<p>\u201cFue una etapa muy complicada, pero pudimos estar en la fuga y muy activos. La llegada fue r\u00e1pida, tuve un riesgo de caer por las vallas, pero feliz por lograr el liderato\u201d, mencion\u00f3 Navas, quien tiene a su compa\u00f1ero Anthony Coque como escolta en esta categor\u00eda.<\/p>\n<p>El mejor ubicado del \u00fanico equipo continental ecuatoriano en la clasificaci\u00f3n general es Guam\u00e1, quien se encuentra en la quinta posici\u00f3n, seguido por Navas en la casilla 12.<\/p>\n<p>Luego se encuentran Coque en la 14, el colombiano C\u00e9sar Guavita en la 16, Nixon Rosero en la 31 y Santiago Montenegro, quien tuvo un accidente en medio de la ruta, cierra el lote del Best PC Ecuador en el puesto 40.<\/p>\n<p>Estas ubicaciones permitieron, adem\u00e1s, al elenco ecuatoriano ser l\u00edder de la clasificaci\u00f3n por equipos, cerrando de gran manera la primera jornada.<\/p>\n<p>La segunda etapa, calificada como la etapa reina, de la ronda guatemalteca, que tiene categor\u00eda 2.2\u00a0de la Uni\u00f3n Ciclista Internacional (UCI), se cumplir\u00e1 este jueves, desde San Felipe para llegar, luego de 119,3 kil\u00f3metros a San Rafael Pie de la Cuesta.<\/p>\n","protected":false},"excerpt":{"rendered":"<p>Quito.- Durante el inicio de la quinta edici\u00f3n de la Vuelta Bantrab, el Best PC Ecuador logr\u00f3 dos lideratos: de la monta\u00f1a y de la categor\u00eda sub-23. La carrera se desarrollar\u00e1 en Guatemala hasta el pr\u00f3ximo 3 de mayo. El experimentado ciclista tricolor Byron Guam\u00e1 fue el encargado de entregar el primer triunfo parcial para [&hellip;]<\/p>\n","protected":false},"author":2,"featured_media":51559,"comment_status":"open","ping_status":"closed","sticky":false,"template":"","format":"standard","meta":{"_jetpack_memberships_contains_paid_content":false,"footnotes":""},"categories":[120,9],"tags":[8513],"class_list":["post-51558","post","type-post","status-publish","format-standard","has-post-thumbnail","hentry","category-ciclismo","category-deportes","tag-best-pc-ecuador"],"jetpack_featured_media_url":"https:\/\/radiocresatelital.com\/wp-content\/uploads\/2026\/04\/WhatsApp-Image-2026-04-29-at-16.15.42.jpeg","jetpack_sharing_enabled":true,"_links":{"self":[{"href":"https:\/\/radiocresatelital.com\/index.php?rest_route=\/wp\/v2\/posts\/51558","targetHints":{"allow":["GET"]}}],"collection":[{"href":"https:\/\/radiocresatelital.com\/index.php?rest_route=\/wp\/v2\/posts"}],"about":[{"href":"https:\/\/radiocresatelital.com\/index.php?rest_route=\/wp\/v2\/types\/post"}],"author":[{"embeddable":true,"href":"https:\/\/radiocresatelital.com\/index.php?rest_route=\/wp\/v2\/users\/2"}],"replies":[{"embeddable":true,"href":"https:\/\/radiocresatelital.com\/index.php?rest_route=%2Fwp%2Fv2%2Fcomments&post=51558"}],"version-history":[{"count":1,"href":"https:\/\/radiocresatelital.com\/index.php?rest_route=\/wp\/v2\/posts\/51558\/revisions"}],"predecessor-version":[{"id":51560,"href":"https:\/\/radiocresatelital.com\/index.php?rest_route=\/wp\/v2\/posts\/51558\/revisions\/51560"}],"wp:featuredmedia":[{"embeddable":true,"href":"https:\/\/radiocresatelital.com\/index.php?rest_route=\/wp\/v2\/media\/51559"}],"wp:attachment":[{"href":"https:\/\/radiocresatelital.com\/index.php?rest_route=%2Fwp%2Fv2%2Fmedia&parent=51558"}],"wp:term":[{"taxonomy":"category","embeddable":true,"href":"https:\/\/radiocresatelital.com\/index.php?rest_route=%2Fwp%2Fv2%2Fcategories&post=51558"},{"taxonomy":"post_tag","embeddable":true,"href":"https:\/\/radiocresatelital.com\/index.php?rest_route=%2Fwp%2Fv2%2Ftags&post=51558"}],"curies":[{"name":"wp","href":"https:\/\/api.w.org\/{rel}","templated":true}]}}