{"id":51555,"date":"2026-04-29T17:13:21","date_gmt":"2026-04-29T17:13:21","guid":{"rendered":"https:\/\/radiocresatelital.com\/?p=51555"},"modified":"2026-04-29T21:14:48","modified_gmt":"2026-04-29T21:14:48","slug":"ecuador-acelera-su-transformacion-logistica-los-centros-inteligentes-marcan-el-futuro-del-comercio-y-la-competitividad","status":"publish","type":"post","link":"https:\/\/radiocresatelital.com\/?p=51555","title":{"rendered":"Ecuador acelera su transformaci\u00f3n log\u00edstica: los centros inteligentes marcan el futuro del comercio y la competitividad"},"content":{"rendered":"<p>Quito.- En un entorno donde la eficiencia y la velocidad definen el \u00e9xito empresarial, el sector log\u00edstico ecuatoriano atraviesa una evoluci\u00f3n clave. Esta transformaci\u00f3n est\u00e1 impulsada por tecnolog\u00eda, sostenibilidad y la necesidad de optimizar cadenas de suministro cada vez m\u00e1s complejas.<\/p>\n<p>La creciente demanda de entregas m\u00e1s r\u00e1pidas, el auge del comercio electr\u00f3nico y la regionalizaci\u00f3n de operaciones han posicionado a los centros log\u00edsticos como actores estrat\u00e9gicos para el desarrollo econ\u00f3mico del pa\u00eds. Hoy, estos espacios evolucionan de simples puntos de almacenamiento a plataformas inteligentes que integran innovaci\u00f3n, conectividad y servicios de valor agregado.<\/p>\n<p>En este escenario, Itulpark, centro log\u00edstico de nueva generaci\u00f3n, se consolida como un referente en el pa\u00eds al ofrecer soluciones integrales dise\u00f1adas para responder a las necesidades actuales de empresas de diversos sectores. Su propuesta combina infraestructura de primer nivel con una ubicaci\u00f3n estrat\u00e9gica y un enfoque orientado a la eficiencia operativa.<\/p>\n<p>\u201cEl sector log\u00edstico est\u00e1 evolucionando hacia modelos m\u00e1s \u00e1giles, sostenibles y tecnol\u00f3gicos. Los centros log\u00edsticos modernos deben ser capaces de adaptarse r\u00e1pidamente a los cambios del mercado y facilitar la operaci\u00f3n de las empresas\u201d, se\u00f1ala Rafael Arcos, gerente general de Itulpark.<\/p>\n<p>A esto se suma una creciente apuesta por la sostenibilidad, con pr\u00e1cticas orientadas a la optimizaci\u00f3n de rutas, reducci\u00f3n de emisiones y uso eficiente de recursos, factores que hoy influyen directamente en la toma de decisiones empresariales. Bajo esta visi\u00f3n, Itulpark impulsa un ecosistema que fortalece la competitividad, promueve la inversi\u00f3n y contribuye al desarrollo de una infraestructura log\u00edstica alineada con las demandas del mercado global.<\/p>\n<p>En un momento clave para el pa\u00eds, la modernizaci\u00f3n del sector log\u00edstico no solo mejora la eficiencia empresarial, sino que se consolida como un motor clave para el crecimiento econ\u00f3mico, la generaci\u00f3n de empleo y la integraci\u00f3n del pa\u00eds en las cadenas de valor internacionales.<\/p>\n","protected":false},"excerpt":{"rendered":"<p>Quito.- En un entorno donde la eficiencia y la velocidad definen el \u00e9xito empresarial, el sector log\u00edstico ecuatoriano atraviesa una evoluci\u00f3n clave. Esta transformaci\u00f3n est\u00e1 impulsada por tecnolog\u00eda, sostenibilidad y la necesidad de optimizar cadenas de suministro cada vez m\u00e1s complejas. La creciente demanda de entregas m\u00e1s r\u00e1pidas, el auge del comercio electr\u00f3nico y la [&hellip;]<\/p>\n","protected":false},"author":2,"featured_media":51556,"comment_status":"open","ping_status":"closed","sticky":false,"template":"","format":"standard","meta":{"_jetpack_memberships_contains_paid_content":false,"footnotes":""},"categories":[122],"tags":[8047],"class_list":["post-51555","post","type-post","status-publish","format-standard","has-post-thumbnail","hentry","category-tecnologia","tag-itulpark"],"jetpack_featured_media_url":"https:\/\/radiocresatelital.com\/wp-content\/uploads\/2026\/04\/WhatsApp-Image-2026-04-23-at-09.20.12.jpeg","jetpack_sharing_enabled":true,"_links":{"self":[{"href":"https:\/\/radiocresatelital.com\/index.php?rest_route=\/wp\/v2\/posts\/51555","targetHints":{"allow":["GET"]}}],"collection":[{"href":"https:\/\/radiocresatelital.com\/index.php?rest_route=\/wp\/v2\/posts"}],"about":[{"href":"https:\/\/radiocresatelital.com\/index.php?rest_route=\/wp\/v2\/types\/post"}],"author":[{"embeddable":true,"href":"https:\/\/radiocresatelital.com\/index.php?rest_route=\/wp\/v2\/users\/2"}],"replies":[{"embeddable":true,"href":"https:\/\/radiocresatelital.com\/index.php?rest_route=%2Fwp%2Fv2%2Fcomments&post=51555"}],"version-history":[{"count":1,"href":"https:\/\/radiocresatelital.com\/index.php?rest_route=\/wp\/v2\/posts\/51555\/revisions"}],"predecessor-version":[{"id":51557,"href":"https:\/\/radiocresatelital.com\/index.php?rest_route=\/wp\/v2\/posts\/51555\/revisions\/51557"}],"wp:featuredmedia":[{"embeddable":true,"href":"https:\/\/radiocresatelital.com\/index.php?rest_route=\/wp\/v2\/media\/51556"}],"wp:attachment":[{"href":"https:\/\/radiocresatelital.com\/index.php?rest_route=%2Fwp%2Fv2%2Fmedia&parent=51555"}],"wp:term":[{"taxonomy":"category","embeddable":true,"href":"https:\/\/radiocresatelital.com\/index.php?rest_route=%2Fwp%2Fv2%2Fcategories&post=51555"},{"taxonomy":"post_tag","embeddable":true,"href":"https:\/\/radiocresatelital.com\/index.php?rest_route=%2Fwp%2Fv2%2Ftags&post=51555"}],"curies":[{"name":"wp","href":"https:\/\/api.w.org\/{rel}","templated":true}]}}