{"id":51552,"date":"2026-04-29T17:11:01","date_gmt":"2026-04-29T17:11:01","guid":{"rendered":"https:\/\/radiocresatelital.com\/?p=51552"},"modified":"2026-04-29T21:12:06","modified_gmt":"2026-04-29T21:12:06","slug":"geely-impulsa-una-nueva-etapa-para-la-industria-automotriz-ecuatoriana","status":"publish","type":"post","link":"https:\/\/radiocresatelital.com\/?p=51552","title":{"rendered":"Geely impulsa una nueva etapa para la industria automotriz ecuatoriana"},"content":{"rendered":"<p>Quito<strong>. \u2013 <\/strong>En un contexto de transformaci\u00f3n acelerada de la industria automotriz a nivel mundial, Geely Auto Group contin\u00faa consolidando su expansi\u00f3n internacional. Con m\u00e1s de 50.000 colaboradores, una red de 12 plantas de producci\u00f3n, 5 centros internacionales de investigaci\u00f3n y desarrollo y m\u00e1s de 10.000 especialistas en tecnolog\u00eda, la compa\u00f1\u00eda mantiene presencia en 80 pa\u00edses y una estrategia enfocada en innovaci\u00f3n, electrificaci\u00f3n y conectividad.<\/p>\n<p>En l\u00ednea con esta estrategia global, Ecuador se incorpora oficialmente al mapa de expansi\u00f3n de la compa\u00f1\u00eda. La llegada de Geely al pa\u00eds no representa \u00fanicamente la entrada de una nueva marca, sino la incorporaci\u00f3n de un actor con capacidad tecnol\u00f3gica y visi\u00f3n de futuro. Ecuador re\u00fane condiciones favorables para el crecimiento de veh\u00edculos de nuevas energ\u00edas, seg\u00fan la Asociaci\u00f3n de Empresas Automotrices del Ecuador (AEADE), en 2025 se vendieron 4.276 veh\u00edculos el\u00e9ctricos en el pa\u00eds, un crecimiento de 202% frente a 2024.<\/p>\n<p>La firma del acuerdo entre Geely e Impoventura se llev\u00f3 a cabo el 24 de abril en Hangzhou, en las oficinas globales de Geely Auto, en el marco de la Conferencia Global de Distribuidores de la marca. Este espacio re\u00fane a socios estrat\u00e9gicos y representantes de mercados clave para compartir la visi\u00f3n global, avances tecnol\u00f3gicos y planes de expansi\u00f3n de la compa\u00f1\u00eda. La ceremonia cont\u00f3 con la participaci\u00f3n de aproximadamente 80 representantes de pa\u00edses como M\u00e9xico, Costa Rica, Panam\u00e1, Rep\u00fablica Dominicana y Colombia, consolidando a Ecuador como parte activa de la red internacional de Geely y de su proyecci\u00f3n global en la industria automotriz.<\/p>\n<p>Como parte de este anuncio, Wu Hongwei, Vicepresidente de Geely Auto Internacional, destac\u00f3 la relevancia de este paso dentro de la estrategia global de la compa\u00f1\u00eda: \u201cEste a\u00f1o se cumple el 40.\u00ba aniversario de Geely Auto Group. Creemos que, con los productos avanzados y los servicios de alta calidad de Geely, la empresa aportar\u00e1 un nuevo impulso al mercado automovil\u00edstico de Ecuador.<\/p>\n<p>Por su parte, Jos\u00e9 Luis Sevilla, Gerente General de Impoventura, destac\u00f3: \u201cImpoventura, con una historia de d\u00e9cadas y un ADN 100% automotriz, ha trabajado para desarrollar marcas con est\u00e1ndares globales y construir operaciones s\u00f3lidas y sostenibles. Hoy alcanzamos el 90% de cobertura dentro del sector automotriz en Ecuador. La llegada de Geely fortalece ese camino, incorporando una visi\u00f3n global de innovaci\u00f3n, tecnolog\u00eda y nuevas energ\u00edas para el futuro del pa\u00eds\u201d.<\/p>\n<p>Finalmente, la operaci\u00f3n en Ecuador se proyecta como un paso estrat\u00e9gico dentro del crecimiento regional de la marca, con \u00e9nfasis en el desarrollo de red, servicio posventa y adopci\u00f3n de nuevas tecnolog\u00edas. Este acuerdo no solo marca el inicio de actividades de Geely en el pa\u00eds, sino que abre una nueva etapa para la industria automotriz ecuatoriana, alineada a las tendencias globales de movilidad, innovaci\u00f3n y competitividad.<\/p>\n","protected":false},"excerpt":{"rendered":"<p>Quito. \u2013 En un contexto de transformaci\u00f3n acelerada de la industria automotriz a nivel mundial, Geely Auto Group contin\u00faa consolidando su expansi\u00f3n internacional. Con m\u00e1s de 50.000 colaboradores, una red de 12 plantas de producci\u00f3n, 5 centros internacionales de investigaci\u00f3n y desarrollo y m\u00e1s de 10.000 especialistas en tecnolog\u00eda, la compa\u00f1\u00eda mantiene presencia en 80 [&hellip;]<\/p>\n","protected":false},"author":2,"featured_media":51553,"comment_status":"open","ping_status":"closed","sticky":false,"template":"","format":"standard","meta":{"_jetpack_memberships_contains_paid_content":false,"footnotes":""},"categories":[2725],"tags":[8512],"class_list":["post-51552","post","type-post","status-publish","format-standard","has-post-thumbnail","hentry","category-automotriz","tag-geely-auto-group"],"jetpack_featured_media_url":"https:\/\/radiocresatelital.com\/wp-content\/uploads\/2026\/04\/WhatsApp-Image-2026-04-27-at-11.26.01.jpeg","jetpack_sharing_enabled":true,"_links":{"self":[{"href":"https:\/\/radiocresatelital.com\/index.php?rest_route=\/wp\/v2\/posts\/51552","targetHints":{"allow":["GET"]}}],"collection":[{"href":"https:\/\/radiocresatelital.com\/index.php?rest_route=\/wp\/v2\/posts"}],"about":[{"href":"https:\/\/radiocresatelital.com\/index.php?rest_route=\/wp\/v2\/types\/post"}],"author":[{"embeddable":true,"href":"https:\/\/radiocresatelital.com\/index.php?rest_route=\/wp\/v2\/users\/2"}],"replies":[{"embeddable":true,"href":"https:\/\/radiocresatelital.com\/index.php?rest_route=%2Fwp%2Fv2%2Fcomments&post=51552"}],"version-history":[{"count":1,"href":"https:\/\/radiocresatelital.com\/index.php?rest_route=\/wp\/v2\/posts\/51552\/revisions"}],"predecessor-version":[{"id":51554,"href":"https:\/\/radiocresatelital.com\/index.php?rest_route=\/wp\/v2\/posts\/51552\/revisions\/51554"}],"wp:featuredmedia":[{"embeddable":true,"href":"https:\/\/radiocresatelital.com\/index.php?rest_route=\/wp\/v2\/media\/51553"}],"wp:attachment":[{"href":"https:\/\/radiocresatelital.com\/index.php?rest_route=%2Fwp%2Fv2%2Fmedia&parent=51552"}],"wp:term":[{"taxonomy":"category","embeddable":true,"href":"https:\/\/radiocresatelital.com\/index.php?rest_route=%2Fwp%2Fv2%2Fcategories&post=51552"},{"taxonomy":"post_tag","embeddable":true,"href":"https:\/\/radiocresatelital.com\/index.php?rest_route=%2Fwp%2Fv2%2Ftags&post=51552"}],"curies":[{"name":"wp","href":"https:\/\/api.w.org\/{rel}","templated":true}]}}