{"id":51549,"date":"2026-04-29T21:09:27","date_gmt":"2026-04-29T21:09:27","guid":{"rendered":"https:\/\/radiocresatelital.com\/?p=51549"},"modified":"2026-04-29T21:09:27","modified_gmt":"2026-04-29T21:09:27","slug":"comite-nacional-de-eficiencia-energetica-define-acciones-clave-para-la-implementacion-de-politicas-publicas-para-el-uso-sostenible-de-la-energia","status":"publish","type":"post","link":"https:\/\/radiocresatelital.com\/?p=51549","title":{"rendered":"Comit\u00e9 Nacional de Eficiencia Energ\u00e9tica define acciones clave para la implementaci\u00f3n de pol\u00edticas p\u00fablicas para el uso sostenible de la energ\u00eda"},"content":{"rendered":"<div class=\"row\">\n<section id=\"postcontent\" class=\"col-md-9 col-sm-6 line-right\">\n<p class=\"has-medium-font-size\">Quito.- El Ministerio de Ambiente y Energ\u00eda llev\u00f3 a cabo la VII Sesi\u00f3n Ordinaria del Comit\u00e9 Nacional de Eficiencia Energ\u00e9tica (CNEE), un espacio de coordinaci\u00f3n interinstitucional orientado a fortalecer la implementaci\u00f3n de pol\u00edticas p\u00fablicas para el uso sostenible de la energ\u00eda en el pa\u00eds.<\/p>\n<p class=\"has-medium-font-size\">Durante la jornada, desarrollada en la ciudad de Quito, se cont\u00f3 con la participaci\u00f3n de representantes de distintas carteras de Estado, organismos t\u00e9cnicos y delegados del sector productivo, quienes analizaron los avances alcanzados en materia de eficiencia energ\u00e9tica y definieron acciones estrat\u00e9gicas para el cumplimiento de las metas nacionales.<\/p>\n<p class=\"has-medium-font-size\">En el encuentro se revis\u00f3 el estado de cumplimiento de las resoluciones adoptadas por el Comit\u00e9, as\u00ed como los resultados derivados de la implementaci\u00f3n de Sistemas de Gesti\u00f3n de la Energ\u00eda en grandes consumidores, evidenciando avances en la optimizaci\u00f3n del uso energ\u00e9tico en sectores clave de la econom\u00eda.<\/p>\n<p class=\"has-medium-font-size\">As\u00ed tambi\u00e9n, se presentaron los informes de gesti\u00f3n de las mesas t\u00e9cnicas en \u00e1mbitos prioritarios como movilidad el\u00e9ctrica, chatarrizaci\u00f3n, aprovechamiento energ\u00e9tico de residuos y el Fondo Nacional de Inversi\u00f3n en Eficiencia Energ\u00e9tica (FNIEE), consolidando herramientas t\u00e9cnicas que permitir\u00e1n avanzar hacia una verdadera transici\u00f3n energ\u00e9tica sostenible y su contribuci\u00f3n a la acci\u00f3n clim\u00e1tica del pa\u00eds.<\/p>\n<p class=\"has-medium-font-size\">En el marco de esta sesi\u00f3n, se destac\u00f3 la importancia de mantener una articulaci\u00f3n permanente entre las instituciones del Estado y los actores estrat\u00e9gicos, con el fin de garantizar la implementaci\u00f3n efectiva de la Ley Org\u00e1nica de Eficiencia Energ\u00e9tica y fortalecer la institucionalidad del sector.<\/p>\n<p class=\"has-medium-font-size\">Este espacio tambi\u00e9n permiti\u00f3 conocer iniciativas orientadas al sector industrial, impulsadas desde el Consejo Consultivo del CNEE, con el objetivo de promover pr\u00e1cticas responsables y eficientes en el uso de la energ\u00eda dentro del aparato productivo nacional.<\/p>\n<p class=\"has-medium-font-size\">El Ministerio de Ambiente y Energ\u00eda reafirma su compromiso de impulsar la eficiencia energ\u00e9tica y el desarrollo sostenible, basados en la planificaci\u00f3n, la innovaci\u00f3n y la articulaci\u00f3n interinstitucional, orientada a generar beneficios para las presentes y futuras generaciones.<\/p>\n<\/section>\n<\/div>\n","protected":false},"excerpt":{"rendered":"<p>Quito.- El Ministerio de Ambiente y Energ\u00eda llev\u00f3 a cabo la VII Sesi\u00f3n Ordinaria del Comit\u00e9 Nacional de Eficiencia Energ\u00e9tica (CNEE), un espacio de coordinaci\u00f3n interinstitucional orientado a fortalecer la implementaci\u00f3n de pol\u00edticas p\u00fablicas para el uso sostenible de la energ\u00eda en el pa\u00eds. Durante la jornada, desarrollada en la ciudad de Quito, se cont\u00f3 [&hellip;]<\/p>\n","protected":false},"author":2,"featured_media":51550,"comment_status":"open","ping_status":"closed","sticky":false,"template":"","format":"standard","meta":{"_jetpack_memberships_contains_paid_content":false,"footnotes":""},"categories":[13],"tags":[5422,8511],"class_list":["post-51549","post","type-post","status-publish","format-standard","has-post-thumbnail","hentry","category-noticias-nacionales","tag-ministerio-de-ambiente-y-energia","tag-vii-sesion-ordinaria-del-comite-nacional-de-eficiencia-energetica"],"jetpack_featured_media_url":"https:\/\/radiocresatelital.com\/wp-content\/uploads\/2026\/04\/WhatsApp-Image-2026-04-28-at-19.15.12-1536x921-1.jpeg","jetpack_sharing_enabled":true,"_links":{"self":[{"href":"https:\/\/radiocresatelital.com\/index.php?rest_route=\/wp\/v2\/posts\/51549","targetHints":{"allow":["GET"]}}],"collection":[{"href":"https:\/\/radiocresatelital.com\/index.php?rest_route=\/wp\/v2\/posts"}],"about":[{"href":"https:\/\/radiocresatelital.com\/index.php?rest_route=\/wp\/v2\/types\/post"}],"author":[{"embeddable":true,"href":"https:\/\/radiocresatelital.com\/index.php?rest_route=\/wp\/v2\/users\/2"}],"replies":[{"embeddable":true,"href":"https:\/\/radiocresatelital.com\/index.php?rest_route=%2Fwp%2Fv2%2Fcomments&post=51549"}],"version-history":[{"count":1,"href":"https:\/\/radiocresatelital.com\/index.php?rest_route=\/wp\/v2\/posts\/51549\/revisions"}],"predecessor-version":[{"id":51551,"href":"https:\/\/radiocresatelital.com\/index.php?rest_route=\/wp\/v2\/posts\/51549\/revisions\/51551"}],"wp:featuredmedia":[{"embeddable":true,"href":"https:\/\/radiocresatelital.com\/index.php?rest_route=\/wp\/v2\/media\/51550"}],"wp:attachment":[{"href":"https:\/\/radiocresatelital.com\/index.php?rest_route=%2Fwp%2Fv2%2Fmedia&parent=51549"}],"wp:term":[{"taxonomy":"category","embeddable":true,"href":"https:\/\/radiocresatelital.com\/index.php?rest_route=%2Fwp%2Fv2%2Fcategories&post=51549"},{"taxonomy":"post_tag","embeddable":true,"href":"https:\/\/radiocresatelital.com\/index.php?rest_route=%2Fwp%2Fv2%2Ftags&post=51549"}],"curies":[{"name":"wp","href":"https:\/\/api.w.org\/{rel}","templated":true}]}}