{"id":51540,"date":"2026-04-29T20:50:37","date_gmt":"2026-04-29T20:50:37","guid":{"rendered":"https:\/\/radiocresatelital.com\/?p=51540"},"modified":"2026-04-29T20:50:46","modified_gmt":"2026-04-29T20:50:46","slug":"paraderos-turisticos-se-preparan-para-recibir-a-cientos-de-visitantes-en-la-via-a-la-costa","status":"publish","type":"post","link":"https:\/\/radiocresatelital.com\/?p=51540","title":{"rendered":"Paraderos tur\u00edsticos se preparan para recibir a cientos de visitantes en la V\u00eda a la Costa"},"content":{"rendered":"<p>Guayaquil.- El \u00faltimo feriado previo al inicio del a\u00f1o lectivo 2026-2027 impulsa la actividad en los paraderos tur\u00edsticos municipales de la v\u00eda a la Costa, que se preparan para recibir a cientos de visitantes entre el 30 de abril y el 3 de mayo. Con una variada oferta gastron\u00f3mica, espacios adecuados para el descanso y facilidades para los viajeros, estos puntos se consolidan como destinos clave para aprovechar los \u00faltimos d\u00edas de la temporada vacacional.<\/p>\n<p>En el kil\u00f3metro 17,5 se concentran 10 locales gastron\u00f3micos, acompa\u00f1ados de 20 plazas de estacionamiento. Durante el feriado, la atenci\u00f3n se intensificar\u00e1, especialmente el s\u00e1bado y domingo; mientras que, entre semana, se mantendr\u00e1 un sistema rotativo que asegura la continuidad del servicio. La experiencia se complementa en Puerto Hondo, reconocido por su cocina tradicional.<\/p>\n<p>En este sector, los turistas podr\u00e1n degustar platos emblem\u00e1ticos como fritada, maduros con queso y secos de gallina o de chivo, adem\u00e1s de almuerzos completos y opciones a la carta.<\/p>\n<p>En el kil\u00f3metro 24, otro de los puntos de mayor afluencia, funcionan 15 locales de comidas preparadas junto con 37 parqueaderos. Este espacio ofrece un ambiente propicio para disfrutar de desayunos y almuerzos en familia, en un entorno seguro y ordenado.<\/p>\n<p>A lo largo de esta ruta, los visitantes encontrar\u00e1n alternativas que combinan tradici\u00f3n, sabor y comodidad. En el paradero del kil\u00f3metro 24,5 operan 12 locales: cinco puestos de bebidas, seis de comidas t\u00edpicas y un establecimiento de comida r\u00e1pida. Su infraestructura se complementa con 27 espacios de parqueo, lo que facilita el acceso de quienes se movilizan en veh\u00edculo.<\/p>\n<p>Por su parte, Playa Varadero se proyecta como uno de los destinos m\u00e1s concurridos del feriado. All\u00ed, 40 comerciantes se distribuyen en 24 puestos (de los cuales 20 estar\u00e1n operativos) para ofrecer una amplia variedad de platos, bebidas y cocteles. Con capacidad para atender a m\u00e1s de 1.000 personas y 200 espacios de parqueo, este balneario se consolida como una opci\u00f3n ideal para disfrutar del sol, el mar y la gastronom\u00eda local.<\/p>\n<p>Durante este feriado, los paraderos tur\u00edsticos municipales no solo dinamizan la econom\u00eda local, sino que tambi\u00e9n refuerzan su papel como espacios seguros y organizados para el turismo interno, brindando a las familias alternativas accesibles para descansar, compartir y cerrar la temporada vacacional.<\/p>\n","protected":false},"excerpt":{"rendered":"<p>Guayaquil.- El \u00faltimo feriado previo al inicio del a\u00f1o lectivo 2026-2027 impulsa la actividad en los paraderos tur\u00edsticos municipales de la v\u00eda a la Costa, que se preparan para recibir a cientos de visitantes entre el 30 de abril y el 3 de mayo. Con una variada oferta gastron\u00f3mica, espacios adecuados para el descanso y [&hellip;]<\/p>\n","protected":false},"author":2,"featured_media":51541,"comment_status":"open","ping_status":"closed","sticky":false,"template":"","format":"standard","meta":{"_jetpack_memberships_contains_paid_content":false,"footnotes":""},"categories":[33,13],"tags":[8508],"class_list":["post-51540","post","type-post","status-publish","format-standard","has-post-thumbnail","hentry","category-guayaquil","category-noticias-nacionales","tag-paraderos-turisticos"],"jetpack_featured_media_url":"https:\/\/radiocresatelital.com\/wp-content\/uploads\/2026\/04\/Varadero-1-scaled.jpeg","jetpack_sharing_enabled":true,"_links":{"self":[{"href":"https:\/\/radiocresatelital.com\/index.php?rest_route=\/wp\/v2\/posts\/51540","targetHints":{"allow":["GET"]}}],"collection":[{"href":"https:\/\/radiocresatelital.com\/index.php?rest_route=\/wp\/v2\/posts"}],"about":[{"href":"https:\/\/radiocresatelital.com\/index.php?rest_route=\/wp\/v2\/types\/post"}],"author":[{"embeddable":true,"href":"https:\/\/radiocresatelital.com\/index.php?rest_route=\/wp\/v2\/users\/2"}],"replies":[{"embeddable":true,"href":"https:\/\/radiocresatelital.com\/index.php?rest_route=%2Fwp%2Fv2%2Fcomments&post=51540"}],"version-history":[{"count":1,"href":"https:\/\/radiocresatelital.com\/index.php?rest_route=\/wp\/v2\/posts\/51540\/revisions"}],"predecessor-version":[{"id":51542,"href":"https:\/\/radiocresatelital.com\/index.php?rest_route=\/wp\/v2\/posts\/51540\/revisions\/51542"}],"wp:featuredmedia":[{"embeddable":true,"href":"https:\/\/radiocresatelital.com\/index.php?rest_route=\/wp\/v2\/media\/51541"}],"wp:attachment":[{"href":"https:\/\/radiocresatelital.com\/index.php?rest_route=%2Fwp%2Fv2%2Fmedia&parent=51540"}],"wp:term":[{"taxonomy":"category","embeddable":true,"href":"https:\/\/radiocresatelital.com\/index.php?rest_route=%2Fwp%2Fv2%2Fcategories&post=51540"},{"taxonomy":"post_tag","embeddable":true,"href":"https:\/\/radiocresatelital.com\/index.php?rest_route=%2Fwp%2Fv2%2Ftags&post=51540"}],"curies":[{"name":"wp","href":"https:\/\/api.w.org\/{rel}","templated":true}]}}