{"id":51537,"date":"2026-04-29T16:46:09","date_gmt":"2026-04-29T16:46:09","guid":{"rendered":"https:\/\/radiocresatelital.com\/?p=51537"},"modified":"2026-04-29T20:47:26","modified_gmt":"2026-04-29T20:47:26","slug":"general-motors-ecuador-una-de-las-empresas-mas-sostenibles-del-ecuador","status":"publish","type":"post","link":"https:\/\/radiocresatelital.com\/?p=51537","title":{"rendered":"General Motors Ecuador, una de las Empresas m\u00e1s Sostenibles del Ecuador"},"content":{"rendered":"<p>Quito. \u2013 General Motors Ecuador fue reconocida como una de las Empresas m\u00e1s Sostenibles del Ecuador de acuerdo con el estudio realizado por Revista Ekos y el INCAE, que evalu\u00f3 tres dimensiones empresariales: Ambiental, Social y Gobernanza. Esta distinci\u00f3n se entreg\u00f3 a 66 empresas, entre las 1.000 mayores del pa\u00eds, que impulsan un impacto positivo en su entorno y lideran la transformaci\u00f3n de sus industrias. La entrega del reconocimiento se realiz\u00f3 en el marco de la \u201cKumbre de Sostenibilidad 2026\u201d, llevada a cabo del 22 al 23 de abril en el Centro de Convenciones Metropolitano de Quito.<\/p>\n<p>El estudio \u201cEcuador Sustainable Index 1000\u201d desarrollado por Grupo Ekos en alianza con INCAE Business School, es el primer \u00edndice nacional que eval\u00faa de manera integral el desempe\u00f1o ambiental, social y de gobernanza de las 1.000 empresas m\u00e1s grandes del pa\u00eds.<\/p>\n<p>En l\u00ednea con esta distinci\u00f3n, General Motors Ecuador refuerza su visi\u00f3n global de construir un mundo con cero emisiones, cero accidentes y cero congesti\u00f3n. Un ejemplo claro de esta innovaci\u00f3n es justamente el Spark EUV, un veh\u00edculo que responde a las nuevas tendencias de movilidad y que fue reconocido como el veh\u00edculo el\u00e9ctrico del a\u00f1o por la FIPA (Federaci\u00f3n Interamericana de Periodistas del Autom\u00f3vil).<\/p>\n<p>\u201cEste 2026, Chevrolet cumple 100 a\u00f1os de presencia en Ecuador, con una destacada trayectoria junto a nuestros clientes que conf\u00edan en el respaldo, la solidez y el compromiso con el desarrollo sostenible que caracteriza a nuestra marca y a General Motors. Por eso, este reconocimiento es un hito que nos llena de orgullo y nos impulsa a seguir construyendo el futuro de la movilidad, a trav\u00e9s del desarrollo de soluciones que generen valor real para nuestros clientes y para las comunidades donde operamos\u201d, afirma Oswaldo Le\u00f3n, Country Manager de General Motors Ecuador. El enfoque de la compa\u00f1\u00eda est\u00e1 centrado en consolidar una operaci\u00f3n cada vez m\u00e1s s\u00f3lida, basada en la sustentabilidad, el desarrollo del talento y una cultura organizacional centrada en las personas. \u201cEstamos convencidos de que el futuro de la movilidad ser\u00e1 cada vez m\u00e1s limpio, inteligente y conectado y que nuestro rol como compa\u00f1\u00eda es aportar a la construcci\u00f3n de ese futuro\u201d, concluy\u00f3 Le\u00f3n.<\/p>\n<p>Fiel a la visi\u00f3n global de la compa\u00f1\u00eda, General Motors Ecuador, junto con su marca Chevrolet, trabaja en la generaci\u00f3n de soluciones para los desaf\u00edos de movilidad de los ecuatorianos, fortaleciendo su rol como un actor clave en la construcci\u00f3n de un futuro de movilidad m\u00e1s responsable para el pa\u00eds.<\/p>\n","protected":false},"excerpt":{"rendered":"<p>Quito. \u2013 General Motors Ecuador fue reconocida como una de las Empresas m\u00e1s Sostenibles del Ecuador de acuerdo con el estudio realizado por Revista Ekos y el INCAE, que evalu\u00f3 tres dimensiones empresariales: Ambiental, Social y Gobernanza. Esta distinci\u00f3n se entreg\u00f3 a 66 empresas, entre las 1.000 mayores del pa\u00eds, que impulsan un impacto positivo [&hellip;]<\/p>\n","protected":false},"author":2,"featured_media":51538,"comment_status":"open","ping_status":"closed","sticky":false,"template":"","format":"standard","meta":{"_jetpack_memberships_contains_paid_content":false,"footnotes":""},"categories":[2725],"tags":[7886],"class_list":["post-51537","post","type-post","status-publish","format-standard","has-post-thumbnail","hentry","category-automotriz","tag-general-motors-ecuador"],"jetpack_featured_media_url":"https:\/\/radiocresatelital.com\/wp-content\/uploads\/2026\/04\/WhatsApp-Image-2026-04-29-at-12.42.41.jpeg","jetpack_sharing_enabled":true,"_links":{"self":[{"href":"https:\/\/radiocresatelital.com\/index.php?rest_route=\/wp\/v2\/posts\/51537","targetHints":{"allow":["GET"]}}],"collection":[{"href":"https:\/\/radiocresatelital.com\/index.php?rest_route=\/wp\/v2\/posts"}],"about":[{"href":"https:\/\/radiocresatelital.com\/index.php?rest_route=\/wp\/v2\/types\/post"}],"author":[{"embeddable":true,"href":"https:\/\/radiocresatelital.com\/index.php?rest_route=\/wp\/v2\/users\/2"}],"replies":[{"embeddable":true,"href":"https:\/\/radiocresatelital.com\/index.php?rest_route=%2Fwp%2Fv2%2Fcomments&post=51537"}],"version-history":[{"count":1,"href":"https:\/\/radiocresatelital.com\/index.php?rest_route=\/wp\/v2\/posts\/51537\/revisions"}],"predecessor-version":[{"id":51539,"href":"https:\/\/radiocresatelital.com\/index.php?rest_route=\/wp\/v2\/posts\/51537\/revisions\/51539"}],"wp:featuredmedia":[{"embeddable":true,"href":"https:\/\/radiocresatelital.com\/index.php?rest_route=\/wp\/v2\/media\/51538"}],"wp:attachment":[{"href":"https:\/\/radiocresatelital.com\/index.php?rest_route=%2Fwp%2Fv2%2Fmedia&parent=51537"}],"wp:term":[{"taxonomy":"category","embeddable":true,"href":"https:\/\/radiocresatelital.com\/index.php?rest_route=%2Fwp%2Fv2%2Fcategories&post=51537"},{"taxonomy":"post_tag","embeddable":true,"href":"https:\/\/radiocresatelital.com\/index.php?rest_route=%2Fwp%2Fv2%2Ftags&post=51537"}],"curies":[{"name":"wp","href":"https:\/\/api.w.org\/{rel}","templated":true}]}}