{"id":51531,"date":"2026-04-29T16:41:13","date_gmt":"2026-04-29T16:41:13","guid":{"rendered":"https:\/\/radiocresatelital.com\/?p=51531"},"modified":"2026-04-29T20:43:00","modified_gmt":"2026-04-29T20:43:00","slug":"sauber-impulsa-el-emprendimiento-y-refuerza-su-compromiso-social-con-iniciativas-en-educacion-y-salud-bucal-en-quito","status":"publish","type":"post","link":"https:\/\/radiocresatelital.com\/?p=51531","title":{"rendered":"Sauber impulsa el emprendimiento y refuerza su compromiso social con iniciativas en educaci\u00f3n y salud bucal en Quito"},"content":{"rendered":"<p>Quito.\u2013 Sauber, la marca ecuatoriana enfocada en innovaci\u00f3n y sostenibilidad en productos de higiene oral, reafirma su compromiso con el desarrollo empresarial, el bienestar social y la ni\u00f1ez a trav\u00e9s de una serie de iniciativas desarrolladas en la ciudad de Quito, consolidando su prop\u00f3sito de generar impacto m\u00e1s all\u00e1 del mercado.<\/p>\n<p>Como parte de su agenda institucional, Rodrigo V\u00e1sconez, CEO de Sauber, particip\u00f3 como speaker en una charla dirigida a emprendedores bajo el tema: \u201cConsolida tu negocio: c\u00f3mo crear, innovar y consolidar una empresa sostenible en el mercado\u201d, desarrollada en CONQUITO. En este espacio, V\u00e1sconez comparti\u00f3 su experiencia al frente de la marca como un caso real de emprendimiento ecuatoriano, brindando una gu\u00eda pr\u00e1ctica sobre los desaf\u00edos y oportunidades que implica construir una empresa en el pa\u00eds.<\/p>\n<p>Durante su intervenci\u00f3n, destac\u00f3 la importancia de transformar la mentalidad emprendedora, pasando de \u201ctener una buena idea\u201d a \u201cconstruir un modelo de negocio s\u00f3lido\u201d, incorporando desde el inicio elementos clave como la innovaci\u00f3n, la estructura financiera y una visi\u00f3n estrat\u00e9gica clara. Asimismo, abord\u00f3 las etapas reales para evolucionar de una idea a una empresa consolidada, los componentes m\u00ednimos necesarios para alcanzar rentabilidad, y la relevancia de priorizar una estructura organizacional antes de escalar. Tambi\u00e9n enfatiz\u00f3 c\u00f3mo la innovaci\u00f3n puede convertirse en una ventaja competitiva sostenible y c\u00f3mo crecer sin perder el control ni comprometer la estabilidad del negocio.<\/p>\n<p>En el \u00e1mbito social, Sauber llev\u00f3 a cabo la primera jornada de salud bucal en alianza con el Patronato San Jos\u00e9, como parte de una iniciativa orientada a promover h\u00e1bitos de higiene oral en la ni\u00f1ez y adolescencia de grupos vulnerables. Esta actividad se desarroll\u00f3 en el centro de Quito, dentro del programa \u201cGuardianes de la Ni\u00f1ez\u201d, beneficiando a aproximadamente 60 ni\u00f1os de entre 5 y 11 a\u00f1os y 30 adolescentes de 12 a 17 a\u00f1os.<\/p>\n<p>Durante la jornada, los participantes asistieron a charlas educativas donde se abordaron pr\u00e1cticas fundamentales de higiene bucal, incluyendo la t\u00e9cnica correcta de cepillado, la frecuencia adecuada y la selecci\u00f3n del cepillo seg\u00fan sus necesidades. Como parte de este esfuerzo, se realiz\u00f3 tambi\u00e9n la entrega de cepillos dentales, reforzando el compromiso de la marca con la prevenci\u00f3n y la educaci\u00f3n en salud. Estas jornadas se replicar\u00e1n de manera mensual en los distintos programas impulsados por el Patronato San Jos\u00e9, ampliando su alcance e impacto en la comunidad.<\/p>\n<p>Adicionalmente, Sauber renov\u00f3 su convenio de colaboraci\u00f3n con Aldeas Infantiles SOS, reafirmando su compromiso social por segundo a\u00f1o consecutivo. A trav\u00e9s de este acuerdo, la marca continuar\u00e1 destinando un porcentaje de las ventas de su l\u00ednea Sauber Kids para apoyar los programas de atenci\u00f3n y cuidado que esta organizaci\u00f3n brinda a ni\u00f1os, ni\u00f1as y adolescentes en situaci\u00f3n de vulnerabilidad.<\/p>\n<p>Estas acciones reflejan la visi\u00f3n integral de Sauber como una empresa que apuesta por la innovaci\u00f3n en productos de higiene oral e impulsa el desarrollo del ecosistema emprendedor, promueve la educaci\u00f3n en salud y contribuye activamente al bienestar de la sociedad ecuatoriana.<\/p>\n","protected":false},"excerpt":{"rendered":"<p>Quito.\u2013 Sauber, la marca ecuatoriana enfocada en innovaci\u00f3n y sostenibilidad en productos de higiene oral, reafirma su compromiso con el desarrollo empresarial, el bienestar social y la ni\u00f1ez a trav\u00e9s de una serie de iniciativas desarrolladas en la ciudad de Quito, consolidando su prop\u00f3sito de generar impacto m\u00e1s all\u00e1 del mercado. Como parte de su [&hellip;]<\/p>\n","protected":false},"author":2,"featured_media":51532,"comment_status":"open","ping_status":"closed","sticky":false,"template":"","format":"standard","meta":{"_jetpack_memberships_contains_paid_content":false,"footnotes":""},"categories":[1023],"tags":[8316],"class_list":["post-51531","post","type-post","status-publish","format-standard","has-post-thumbnail","hentry","category-salud","tag-sauber"],"jetpack_featured_media_url":"https:\/\/radiocresatelital.com\/wp-content\/uploads\/2026\/04\/Foto-1_Abril-scaled.jpeg","jetpack_sharing_enabled":true,"_links":{"self":[{"href":"https:\/\/radiocresatelital.com\/index.php?rest_route=\/wp\/v2\/posts\/51531","targetHints":{"allow":["GET"]}}],"collection":[{"href":"https:\/\/radiocresatelital.com\/index.php?rest_route=\/wp\/v2\/posts"}],"about":[{"href":"https:\/\/radiocresatelital.com\/index.php?rest_route=\/wp\/v2\/types\/post"}],"author":[{"embeddable":true,"href":"https:\/\/radiocresatelital.com\/index.php?rest_route=\/wp\/v2\/users\/2"}],"replies":[{"embeddable":true,"href":"https:\/\/radiocresatelital.com\/index.php?rest_route=%2Fwp%2Fv2%2Fcomments&post=51531"}],"version-history":[{"count":1,"href":"https:\/\/radiocresatelital.com\/index.php?rest_route=\/wp\/v2\/posts\/51531\/revisions"}],"predecessor-version":[{"id":51533,"href":"https:\/\/radiocresatelital.com\/index.php?rest_route=\/wp\/v2\/posts\/51531\/revisions\/51533"}],"wp:featuredmedia":[{"embeddable":true,"href":"https:\/\/radiocresatelital.com\/index.php?rest_route=\/wp\/v2\/media\/51532"}],"wp:attachment":[{"href":"https:\/\/radiocresatelital.com\/index.php?rest_route=%2Fwp%2Fv2%2Fmedia&parent=51531"}],"wp:term":[{"taxonomy":"category","embeddable":true,"href":"https:\/\/radiocresatelital.com\/index.php?rest_route=%2Fwp%2Fv2%2Fcategories&post=51531"},{"taxonomy":"post_tag","embeddable":true,"href":"https:\/\/radiocresatelital.com\/index.php?rest_route=%2Fwp%2Fv2%2Ftags&post=51531"}],"curies":[{"name":"wp","href":"https:\/\/api.w.org\/{rel}","templated":true}]}}