{"id":51528,"date":"2026-04-29T19:44:29","date_gmt":"2026-04-29T19:44:29","guid":{"rendered":"https:\/\/radiocresatelital.com\/?p=51528"},"modified":"2026-04-29T19:44:29","modified_gmt":"2026-04-29T19:44:29","slug":"ministerio-de-agricultura-adelanta-inicio-de-compra-directa-de-arroz-y-activa-recepcion-desde-el-4-de-mayo-en-beneficio-de-pequenos-y-medianos-productores","status":"publish","type":"post","link":"https:\/\/radiocresatelital.com\/?p=51528","title":{"rendered":"Ministerio de Agricultura adelanta inicio de compra directa de arroz y activa recepci\u00f3n desde el 4 de mayo en beneficio de peque\u00f1os y medianos productores"},"content":{"rendered":"<p>Quito.- El Ministro de Agricultura, Ganader\u00eda y Pesca (MAGP), Juan Carlos Vega, anunci\u00f3 que, a partir del lunes 4 de mayo de 2026, iniciar\u00e1 la recepci\u00f3n de arroz en c\u00e1scara a nivel nacional para los productores que hayan cumplido con el proceso de registro y verificaci\u00f3n en campo, como parte de las acciones establecidas en el Decreto Ejecutivo 307, emitido por el presidente de la Rep\u00fablica, Daniel Noboa Az\u00edn.<\/p>\n<p>Adem\u00e1s, el ministro inform\u00f3 que la decisi\u00f3n de adelantar los tiempos de ejecuci\u00f3n del proceso responde a la necesidad de atender de manera oportuna al sector arrocero.<\/p>\n<p>El titular del MAGP destac\u00f3 que esta medida se implementa en un contexto de presiones externas que han buscado frenar el mecanismo de compra directa. \u201cActuamos con responsabilidad, a pesar de los boicots de intermediarios y seudo dirigentes que han intentado detener este proceso de compra y pago directo a los agricultores\u201d, se\u00f1al\u00f3.<\/p>\n<p>Para garantizar la correcta ejecuci\u00f3n de esta pol\u00edtica, equipos t\u00e9cnicos del MAGP se mantendr\u00e1n desplegados en territorio, encargados de verificar la cosecha y acompa\u00f1ar a los productores durante la jornada de entrega. \u201cNuestros equipos t\u00e9cnicos seguir\u00e1n en campo, garantizando un proceso ordenado y transparente\u201d, enfatiz\u00f3 el ministro.<\/p>\n<p>El proceso contempla la compra directa a los productores, sin la participaci\u00f3n de intermediarios ni piladoras, asegurando el pago del precio m\u00ednimo de sustentaci\u00f3n establecido: 34 d\u00f3lares por saca de 205 libras de arroz de grano corto y 36 d\u00f3lares para el grano largo.<\/p>\n<p>Hasta la fecha, cerca de 7.000 productores arroceros se han inscrito a trav\u00e9s de la p\u00e1gina web institucional, en respuesta a la convocatoria p\u00fablica realizada por el MAGP, lo que evidencia el inter\u00e9s del sector en acceder a este mecanismo de comercializaci\u00f3n directa.<\/p>\n<p>Para la implementaci\u00f3n de esta intervenci\u00f3n, el MAGP cuenta con un presupuesto aproximado de 8 millones de d\u00f3lares, recursos que ser\u00e1n canalizados a trav\u00e9s de BanEcuador para garantizar pagos \u00e1giles y seguros a los productores. Cada agricultor podr\u00e1 vender un m\u00ednimo de 5,75 toneladas y un m\u00e1ximo de 287,5 toneladas.<\/p>\n<p>Finalmente, el ministro Vega reiter\u00f3 que esta pol\u00edtica p\u00fablica responde a un compromiso firme del Gobierno Nacional con el agro ecuatoriano. \u201cEl Gobierno del presidente Noboa cumple y no ceder\u00e1 a presiones de grupos que buscan sembrar el caos y entorpecer la gesti\u00f3n\u201d, concluy\u00f3.<\/p>\n<p>Este mecanismo de compra directa tiene como objetivos garantizar un precio justo para peque\u00f1os y medianos productores, regular el mercado arrocero y conformar una reserva estrat\u00e9gica que fortalezca la seguridad alimentaria del pa\u00eds.<\/p>\n","protected":false},"excerpt":{"rendered":"<p>Quito.- El Ministro de Agricultura, Ganader\u00eda y Pesca (MAGP), Juan Carlos Vega, anunci\u00f3 que, a partir del lunes 4 de mayo de 2026, iniciar\u00e1 la recepci\u00f3n de arroz en c\u00e1scara a nivel nacional para los productores que hayan cumplido con el proceso de registro y verificaci\u00f3n en campo, como parte de las acciones establecidas en [&hellip;]<\/p>\n","protected":false},"author":2,"featured_media":51529,"comment_status":"open","ping_status":"closed","sticky":false,"template":"","format":"standard","meta":{"_jetpack_memberships_contains_paid_content":false,"footnotes":""},"categories":[13],"tags":[1535,8507],"class_list":["post-51528","post","type-post","status-publish","format-standard","has-post-thumbnail","hentry","category-noticias-nacionales","tag-juan-carlos-vega","tag-ministro-de-agricultura-ganaderia-y-pesca"],"jetpack_featured_media_url":"https:\/\/radiocresatelital.com\/wp-content\/uploads\/2026\/04\/WhatsApp-Image-2026-04-29-at-08.34.57.jpeg","jetpack_sharing_enabled":true,"_links":{"self":[{"href":"https:\/\/radiocresatelital.com\/index.php?rest_route=\/wp\/v2\/posts\/51528","targetHints":{"allow":["GET"]}}],"collection":[{"href":"https:\/\/radiocresatelital.com\/index.php?rest_route=\/wp\/v2\/posts"}],"about":[{"href":"https:\/\/radiocresatelital.com\/index.php?rest_route=\/wp\/v2\/types\/post"}],"author":[{"embeddable":true,"href":"https:\/\/radiocresatelital.com\/index.php?rest_route=\/wp\/v2\/users\/2"}],"replies":[{"embeddable":true,"href":"https:\/\/radiocresatelital.com\/index.php?rest_route=%2Fwp%2Fv2%2Fcomments&post=51528"}],"version-history":[{"count":1,"href":"https:\/\/radiocresatelital.com\/index.php?rest_route=\/wp\/v2\/posts\/51528\/revisions"}],"predecessor-version":[{"id":51530,"href":"https:\/\/radiocresatelital.com\/index.php?rest_route=\/wp\/v2\/posts\/51528\/revisions\/51530"}],"wp:featuredmedia":[{"embeddable":true,"href":"https:\/\/radiocresatelital.com\/index.php?rest_route=\/wp\/v2\/media\/51529"}],"wp:attachment":[{"href":"https:\/\/radiocresatelital.com\/index.php?rest_route=%2Fwp%2Fv2%2Fmedia&parent=51528"}],"wp:term":[{"taxonomy":"category","embeddable":true,"href":"https:\/\/radiocresatelital.com\/index.php?rest_route=%2Fwp%2Fv2%2Fcategories&post=51528"},{"taxonomy":"post_tag","embeddable":true,"href":"https:\/\/radiocresatelital.com\/index.php?rest_route=%2Fwp%2Fv2%2Ftags&post=51528"}],"curies":[{"name":"wp","href":"https:\/\/api.w.org\/{rel}","templated":true}]}}