{"id":51522,"date":"2026-04-29T19:25:22","date_gmt":"2026-04-29T19:25:22","guid":{"rendered":"https:\/\/radiocresatelital.com\/?p=51522"},"modified":"2026-04-29T19:25:22","modified_gmt":"2026-04-29T19:25:22","slug":"ecu-911-con-operatividad-al-100-durante-el-feriado-por-el-dia-de-trabajo","status":"publish","type":"post","link":"https:\/\/radiocresatelital.com\/?p=51522","title":{"rendered":"ECU 911 con operatividad al 100% durante el feriado por el D\u00eda de Trabajo"},"content":{"rendered":"<p>Guayaquil.- Desde el 30 de abril hasta el 3 de mayo de 2026, el Servicio Integrado de Seguridad, a trav\u00e9s de sus 16 centros zonales y locales, permanecer\u00e1 100% operativo para la coordinaci\u00f3n en la atenci\u00f3n de emergencias durante el feriado por el D\u00eda Internacional del Trabajo.<\/p>\n<p>La central de emergencias, en coordinaci\u00f3n con m\u00e1s de 154 entidades articuladas, y mediante sus diferentes mecanismos de alerta, como la l\u00ednea \u00fanica para emergencias 9-1-1, el sistema de videovigilancia, la App ECU 911, Bot\u00f3n Violeta ECU 9-1-1 y el Sistema de Alerta Temprana (SAT), gestionar\u00e1 la primera respuesta ante cualquier eventualidad.<\/p>\n<p>El ECU 911 cuenta con m\u00e1s de 6 mil c\u00e1maras de videovigilancia en todo el territorio nacional con las que monitorea, de forma preventiva, arterias viales, accesos a ciudades y espacios de alta concurrencia ciudadana como plazas, parques, terminales terrestres y a\u00e9reas. M\u00e1s d 3.100 servidores en las salas operativas gestionar\u00e1n el despacho de recursos ante posibles emergencias.<\/p>\n<p>De igual manera, 129 dispositivos en el perfil costero; 163 c\u00e1maras en terminales terrestres y a\u00e9reos del pa\u00eds; y 178 puntos del Sistema de Alerta Temprana (SAT), permiten anticipar riesgos y activar protocolos de respuesta ante eventos naturales.<\/p>\n<p><strong>RECOMENDACIONES<\/strong><\/p>\n<ul>\n<li>Planifique su viaje. Revise el estado de las v\u00edas en la p\u00e1gina web del ECU 911, <a href=\"https:\/\/www.ecu911.gob.ec\/consulta-de-vias\/\">https:\/\/www.ecu911.gob.ec\/consulta-de-vias\/<\/a><\/li>\n<li>Conduzca con precauci\u00f3n, respete los l\u00edmites de velocidad y evite el consumo de alcohol.<\/li>\n<li>Revise el estado mec\u00e1nico de su veh\u00edculo, porte documentos personales actualizados y en regla, as\u00ed como los de su automotor<\/li>\n<li>Verifique las seguridades de su hogar. De igual manera, vigile que los aparatos el\u00e9ctricos queden desconectados antes de salir de casa<\/li>\n<li>Mantenga cuidados permanentes sobre ni\u00f1os, adultos mayores y personas con discapacidad al visitar lugares concurridos<\/li>\n<\/ul>\n<p>El ECU 911 pide a la ciudadan\u00eda usar los mecanismos de generaci\u00f3n de alertas con responsabilidad; se mantenga informada a trav\u00e9s de canales oficiales y, ante cualquier emergencia, comunicarse a la l\u00ednea \u00fanica 9-1-1<\/p>\n","protected":false},"excerpt":{"rendered":"<p>Guayaquil.- Desde el 30 de abril hasta el 3 de mayo de 2026, el Servicio Integrado de Seguridad, a trav\u00e9s de sus 16 centros zonales y locales, permanecer\u00e1 100% operativo para la coordinaci\u00f3n en la atenci\u00f3n de emergencias durante el feriado por el D\u00eda Internacional del Trabajo. La central de emergencias, en coordinaci\u00f3n con m\u00e1s [&hellip;]<\/p>\n","protected":false},"author":2,"featured_media":51523,"comment_status":"open","ping_status":"closed","sticky":false,"template":"","format":"standard","meta":{"_jetpack_memberships_contains_paid_content":false,"footnotes":""},"categories":[13],"tags":[2554],"class_list":["post-51522","post","type-post","status-publish","format-standard","has-post-thumbnail","hentry","category-noticias-nacionales","tag-servicio-integrado-de-seguridad"],"jetpack_featured_media_url":"https:\/\/radiocresatelital.com\/wp-content\/uploads\/2026\/04\/WhatsApp-Image-2026-04-29-at-10.12.58.jpeg","jetpack_sharing_enabled":true,"_links":{"self":[{"href":"https:\/\/radiocresatelital.com\/index.php?rest_route=\/wp\/v2\/posts\/51522","targetHints":{"allow":["GET"]}}],"collection":[{"href":"https:\/\/radiocresatelital.com\/index.php?rest_route=\/wp\/v2\/posts"}],"about":[{"href":"https:\/\/radiocresatelital.com\/index.php?rest_route=\/wp\/v2\/types\/post"}],"author":[{"embeddable":true,"href":"https:\/\/radiocresatelital.com\/index.php?rest_route=\/wp\/v2\/users\/2"}],"replies":[{"embeddable":true,"href":"https:\/\/radiocresatelital.com\/index.php?rest_route=%2Fwp%2Fv2%2Fcomments&post=51522"}],"version-history":[{"count":1,"href":"https:\/\/radiocresatelital.com\/index.php?rest_route=\/wp\/v2\/posts\/51522\/revisions"}],"predecessor-version":[{"id":51524,"href":"https:\/\/radiocresatelital.com\/index.php?rest_route=\/wp\/v2\/posts\/51522\/revisions\/51524"}],"wp:featuredmedia":[{"embeddable":true,"href":"https:\/\/radiocresatelital.com\/index.php?rest_route=\/wp\/v2\/media\/51523"}],"wp:attachment":[{"href":"https:\/\/radiocresatelital.com\/index.php?rest_route=%2Fwp%2Fv2%2Fmedia&parent=51522"}],"wp:term":[{"taxonomy":"category","embeddable":true,"href":"https:\/\/radiocresatelital.com\/index.php?rest_route=%2Fwp%2Fv2%2Fcategories&post=51522"},{"taxonomy":"post_tag","embeddable":true,"href":"https:\/\/radiocresatelital.com\/index.php?rest_route=%2Fwp%2Fv2%2Ftags&post=51522"}],"curies":[{"name":"wp","href":"https:\/\/api.w.org\/{rel}","templated":true}]}}