{"id":51518,"date":"2026-04-29T19:20:42","date_gmt":"2026-04-29T19:20:42","guid":{"rendered":"https:\/\/radiocresatelital.com\/?p=51518"},"modified":"2026-04-29T19:21:21","modified_gmt":"2026-04-29T19:21:21","slug":"instituciones-del-gobierno-nacional-se-activan-para-el-operativo-durante-el-feriado-del-1-de-mayo","status":"publish","type":"post","link":"https:\/\/radiocresatelital.com\/?p=51518","title":{"rendered":"Instituciones del Gobierno Nacional se activan para el operativo durante el feriado del 1 de Mayo"},"content":{"rendered":"<p>Quito.- Con el objetivo de salvaguardar la integridad de los viajeros y asegurar la conectividad en la Red Vial Estatal (RVE), el Ministerio de Infraestructura y Transporte (MIT), la Agencia Nacional de Tr\u00e1nsito (ANT) y la Comisi\u00f3n de Tr\u00e1nsito del Ecuador (CTE) anuncian el despliegue del Plan Operativo de Seguridad Vial por el D\u00eda del Trabajo.<\/p>\n<p>El operativo iniciar\u00e1 oficialmente a las 12:00 del mi\u00e9rcoles 29 de abril y se extender\u00e1 hasta las 00:00 del domingo 03 de mayo de 2026.<\/p>\n<p>Para garantizar que las v\u00edas se mantengan expeditas y en \u00f3ptimas condiciones, el MIT ha dispuesto un contingente t\u00e9cnico y humano a nivel nacional:<\/p>\n<ul class=\"wp-block-list\">\n<li><strong>Personal:<\/strong>\u00a0188 funcionarios entre t\u00e9cnicos y operadores.<\/li>\n<li><strong>Maquinaria:<\/strong>\u00a0216 equipos camineros, incluyendo volquetas y retroexcavadoras, ubicados en puntos cr\u00edticos.<\/li>\n<li><strong>Vigilancia:<\/strong>\u00a022 patrullas de camino realizar\u00e1n recorridos permanentes.<\/li>\n<\/ul>\n<p>Este despliegue se complementa con el apoyo de microempresas viales, lo que permitir\u00e1 una respuesta inmediata ante posibles eventos naturales o cierres imprevistos, minimizando cualquier interrupci\u00f3n en el flujo vehicular.<\/p>\n<p>La seguridad ciudadana en las carreteras ser\u00e1 prioritaria gracias a la coordinaci\u00f3n de los entes de control. En este marco, la CTE movilizar\u00e1 5.134 agentes de tr\u00e1nsito y 433 unidades para el patrullaje preventivo en carreteras, peajes y terminales terrestres.<\/p>\n<p>Por su parte, la ANT reforzar\u00e1 la seguridad en las terminales mediante operativos de control y campa\u00f1as de sensibilizaci\u00f3n para prevenir siniestros. Asimismo, el Servicio P\u00fablico para Pago de Accidentes de Tr\u00e1nsito (SPPAT) mantiene atenci\u00f3n permanente en la agencia matriz y en 12 oficinas t\u00e9cnicas a nivel nacional.<\/p>\n<p>En este feriado, el Gobierno de El Nuevo Ecuador invita a la ciudadan\u00eda a recorrer el pa\u00eds de manera segura a trav\u00e9s de la RVE, disfrutando de su riqueza cultural y natural. Los viajeros podr\u00e1n deleitarse con la diversidad de la gastronom\u00eda ecuatoriana y visitar los m\u00faltiples destinos tur\u00edsticos que ofrecen las regiones Costa, Sierra y Amazon\u00eda, contribuyendo as\u00ed a la reactivaci\u00f3n econ\u00f3mica y al fortalecimiento del turismo interno.<\/p>\n<p>Conoce m\u00e1s detalles del Plan Operativo en:\u00a0<a href=\"http:\/\/www.mit.gob.ec\/\"><strong>www.mit.gob.ec<\/strong><\/a><\/p>\n","protected":false},"excerpt":{"rendered":"<p>Quito.- Con el objetivo de salvaguardar la integridad de los viajeros y asegurar la conectividad en la Red Vial Estatal (RVE), el Ministerio de Infraestructura y Transporte (MIT), la Agencia Nacional de Tr\u00e1nsito (ANT) y la Comisi\u00f3n de Tr\u00e1nsito del Ecuador (CTE) anuncian el despliegue del Plan Operativo de Seguridad Vial por el D\u00eda del [&hellip;]<\/p>\n","protected":false},"author":2,"featured_media":51521,"comment_status":"open","ping_status":"closed","sticky":false,"template":"","format":"standard","meta":{"_jetpack_memberships_contains_paid_content":false,"footnotes":""},"categories":[13],"tags":[5980,2097],"class_list":["post-51518","post","type-post","status-publish","format-standard","has-post-thumbnail","hentry","category-noticias-nacionales","tag-ministerio-de-infraestructura-y-transporte","tag-red-vial-estatal"],"jetpack_featured_media_url":"https:\/\/radiocresatelital.com\/wp-content\/uploads\/2026\/04\/WhatsApp-Image-2026-04-29-at-10.21.25.jpeg","jetpack_sharing_enabled":true,"_links":{"self":[{"href":"https:\/\/radiocresatelital.com\/index.php?rest_route=\/wp\/v2\/posts\/51518","targetHints":{"allow":["GET"]}}],"collection":[{"href":"https:\/\/radiocresatelital.com\/index.php?rest_route=\/wp\/v2\/posts"}],"about":[{"href":"https:\/\/radiocresatelital.com\/index.php?rest_route=\/wp\/v2\/types\/post"}],"author":[{"embeddable":true,"href":"https:\/\/radiocresatelital.com\/index.php?rest_route=\/wp\/v2\/users\/2"}],"replies":[{"embeddable":true,"href":"https:\/\/radiocresatelital.com\/index.php?rest_route=%2Fwp%2Fv2%2Fcomments&post=51518"}],"version-history":[{"count":1,"href":"https:\/\/radiocresatelital.com\/index.php?rest_route=\/wp\/v2\/posts\/51518\/revisions"}],"predecessor-version":[{"id":51520,"href":"https:\/\/radiocresatelital.com\/index.php?rest_route=\/wp\/v2\/posts\/51518\/revisions\/51520"}],"wp:featuredmedia":[{"embeddable":true,"href":"https:\/\/radiocresatelital.com\/index.php?rest_route=\/wp\/v2\/media\/51521"}],"wp:attachment":[{"href":"https:\/\/radiocresatelital.com\/index.php?rest_route=%2Fwp%2Fv2%2Fmedia&parent=51518"}],"wp:term":[{"taxonomy":"category","embeddable":true,"href":"https:\/\/radiocresatelital.com\/index.php?rest_route=%2Fwp%2Fv2%2Fcategories&post=51518"},{"taxonomy":"post_tag","embeddable":true,"href":"https:\/\/radiocresatelital.com\/index.php?rest_route=%2Fwp%2Fv2%2Ftags&post=51518"}],"curies":[{"name":"wp","href":"https:\/\/api.w.org\/{rel}","templated":true}]}}