{"id":51515,"date":"2026-04-29T19:16:13","date_gmt":"2026-04-29T19:16:13","guid":{"rendered":"https:\/\/radiocresatelital.com\/?p=51515"},"modified":"2026-04-29T19:16:13","modified_gmt":"2026-04-29T19:16:13","slug":"gobierno-del-presidente-daniel-noboa-traza-su-hoja-de-ruta-agroindustrial-al-2036-con-el-respaldo-tecnico-de-la-fao","status":"publish","type":"post","link":"https:\/\/radiocresatelital.com\/?p=51515","title":{"rendered":"Gobierno del Presidente Daniel Noboa traza su hoja de ruta agroindustrial al 2036 con el respaldo t\u00e9cnico de la FAO"},"content":{"rendered":"<p>Quito.- El Ministerio de Producci\u00f3n, Comercio Exterior e Inversiones, con el acompa\u00f1amiento t\u00e9cnico de la Organizaci\u00f3n de las Naciones Unidas para la Alimentaci\u00f3n y la Agricultura (FAO), desarroll\u00f3 el evento \u201cHacia la Agroindustria 2036: Di\u00e1logo Nacional para la Transformaci\u00f3n Productiva\u201d, un espacio clave para conjugar visiones entre el sector p\u00fablico, privado y la cooperaci\u00f3n internacional.<\/p>\n<p>Durante la jornada, autoridades y representantes del sector productivo participaron en un di\u00e1logo de alto nivel orientado a definir los lineamientos de la futura Pol\u00edtica P\u00fablica Agroindustrial.<\/p>\n<p>El ministro de Producci\u00f3n, Luis Alberto Jaramillo, subray\u00f3 que este proceso marca el punto de partida de un trabajo conjunto para transformar el sector. Se\u00f1al\u00f3 que el objetivo es evolucionar desde una econom\u00eda basada en materias primas hacia una agroindustria competitiva, con valor agregado y capacidad de posicionarse en mercados internacionales exigentes. Enfatiz\u00f3 adem\u00e1s que esta construcci\u00f3n no responde a decisiones aisladas, sino a un proceso participativo que integra a productores, empresa privada, academia y aliados internacionales, asegurando que las acciones se ajusten a las necesidades reales del pa\u00eds.<\/p>\n<p>El evento cont\u00f3 con la participaci\u00f3n de delegaciones de Argentina, Chile y Costa Rica, que compartieron experiencias exitosas en gobernanza y desarrollo agroindustrial. Por su parte, la FAO present\u00f3 un an\u00e1lisis de las tendencias globales del comercio agroalimentario, aportando insumos t\u00e9cnicos para alinear la estrategia nacional con el contexto internacional.<\/p>\n<p>En la jornada de la tarde, el encuentro se ampli\u00f3 a mesas t\u00e9cnicas multiactor, donde especialistas del sector p\u00fablico, la academia y organismos internacionales validaron y priorizaron las estrategias que formar\u00e1n parte de la pol\u00edtica.<\/p>\n<p>Gherda Barreto, representante de la FAO en Ecuador, destac\u00f3 que la organizaci\u00f3n acompa\u00f1a este proceso brindando asistencia t\u00e9cnica para garantizar que la pol\u00edtica sea inclusiva, resiliente y sostenible, promoviendo tanto la productividad como el desarrollo territorial.<\/p>\n<p>Este encuentro marca el inicio de una fase de trabajo articulado entre el Gobierno Nacional y la FAO para la construcci\u00f3n de la Pol\u00edtica Agroindustrial 2026-2036, reafirmando el compromiso del pa\u00eds con una transformaci\u00f3n productiva sostenible y competitiva<\/p>\n","protected":false},"excerpt":{"rendered":"<p>Quito.- El Ministerio de Producci\u00f3n, Comercio Exterior e Inversiones, con el acompa\u00f1amiento t\u00e9cnico de la Organizaci\u00f3n de las Naciones Unidas para la Alimentaci\u00f3n y la Agricultura (FAO), desarroll\u00f3 el evento \u201cHacia la Agroindustria 2036: Di\u00e1logo Nacional para la Transformaci\u00f3n Productiva\u201d, un espacio clave para conjugar visiones entre el sector p\u00fablico, privado y la cooperaci\u00f3n internacional. [&hellip;]<\/p>\n","protected":false},"author":2,"featured_media":51516,"comment_status":"open","ping_status":"closed","sticky":false,"template":"","format":"standard","meta":{"_jetpack_memberships_contains_paid_content":false,"footnotes":""},"categories":[13],"tags":[8497,2969],"class_list":["post-51515","post","type-post","status-publish","format-standard","has-post-thumbnail","hentry","category-noticias-nacionales","tag-ministerio-de-produccion-comercio-exterior-e-inversiones","tag-organizacion-de-las-naciones-unidas-para-la-alimentacion-y-la-agricultura"],"jetpack_featured_media_url":"https:\/\/radiocresatelital.com\/wp-content\/uploads\/2026\/04\/WhatsApp-Image-2026-04-29-at-11.36.48.jpeg","jetpack_sharing_enabled":true,"_links":{"self":[{"href":"https:\/\/radiocresatelital.com\/index.php?rest_route=\/wp\/v2\/posts\/51515","targetHints":{"allow":["GET"]}}],"collection":[{"href":"https:\/\/radiocresatelital.com\/index.php?rest_route=\/wp\/v2\/posts"}],"about":[{"href":"https:\/\/radiocresatelital.com\/index.php?rest_route=\/wp\/v2\/types\/post"}],"author":[{"embeddable":true,"href":"https:\/\/radiocresatelital.com\/index.php?rest_route=\/wp\/v2\/users\/2"}],"replies":[{"embeddable":true,"href":"https:\/\/radiocresatelital.com\/index.php?rest_route=%2Fwp%2Fv2%2Fcomments&post=51515"}],"version-history":[{"count":1,"href":"https:\/\/radiocresatelital.com\/index.php?rest_route=\/wp\/v2\/posts\/51515\/revisions"}],"predecessor-version":[{"id":51517,"href":"https:\/\/radiocresatelital.com\/index.php?rest_route=\/wp\/v2\/posts\/51515\/revisions\/51517"}],"wp:featuredmedia":[{"embeddable":true,"href":"https:\/\/radiocresatelital.com\/index.php?rest_route=\/wp\/v2\/media\/51516"}],"wp:attachment":[{"href":"https:\/\/radiocresatelital.com\/index.php?rest_route=%2Fwp%2Fv2%2Fmedia&parent=51515"}],"wp:term":[{"taxonomy":"category","embeddable":true,"href":"https:\/\/radiocresatelital.com\/index.php?rest_route=%2Fwp%2Fv2%2Fcategories&post=51515"},{"taxonomy":"post_tag","embeddable":true,"href":"https:\/\/radiocresatelital.com\/index.php?rest_route=%2Fwp%2Fv2%2Ftags&post=51515"}],"curies":[{"name":"wp","href":"https:\/\/api.w.org\/{rel}","templated":true}]}}