{"id":51504,"date":"2026-04-29T18:45:13","date_gmt":"2026-04-29T18:45:13","guid":{"rendered":"https:\/\/radiocresatelital.com\/?p=51504"},"modified":"2026-04-29T18:45:13","modified_gmt":"2026-04-29T18:45:13","slug":"mercado-jose-mascote-celebra-27-anos-como-referente-de-tradicion-y-dinamismo-comercial","status":"publish","type":"post","link":"https:\/\/radiocresatelital.com\/?p=51504","title":{"rendered":"Mercado Jos\u00e9 Mascote celebra 27 a\u00f1os como referente de tradici\u00f3n y dinamismo comercial"},"content":{"rendered":"<p>Guayaquil.- Con m\u00fasica, identidad y una intensa actividad comercial, el Mercado Municipal Jos\u00e9 Mascote conmemora este 1 de mayo sus 27 a\u00f1os de servicio, consolidado como un punto clave de abastecimiento y encuentro ciudadano en Guayaquil. Ubicado en la Av. del Ej\u00e9rcito y Pedro Pablo G\u00f3mez, este emblem\u00e1tico espacio re\u00fane a 270 comerciantes que, d\u00eda a d\u00eda, sostienen la econom\u00eda local y preservan la esencia de los mercados tradicionales.<\/p>\n<p>La celebraci\u00f3n se vivi\u00f3 en medio de un ambiente festivo que transform\u00f3 la rutina diaria. La Banda Municipal llev\u00f3 su repertorio hasta el mercado como parte del programa \u201cVive la M\u00fasica en los Mercados de Guayaquil\u201d, generando momentos de integraci\u00f3n y cercan\u00eda. Entre pasillos y puestos de venta, comerciantes y clientes hicieron una pausa para disfrutar de interpretaciones musicales y coreograf\u00edas que llenaron de energ\u00eda el lugar.<\/p>\n<p>M\u00e1s all\u00e1 de la conmemoraci\u00f3n, el mercado refleja su constante movimiento. Alrededor de 2.000 personas lo visitan diariamente, atra\u00eddas por la variedad de productos, la atenci\u00f3n cercana y una oferta que incluye tambi\u00e9n espacios gastron\u00f3micos. Desde las 05h00 hasta las 15h00 locales (10h00 hasta las 20h00 GMT), su actividad ininterrumpida evidencia su importancia dentro de la din\u00e1mica urbana.<\/p>\n<p>Este aniversario no solo celebra su trayectoria, tambi\u00e9n reafirma el papel de los mercados municipales como espacios que impulsan la econom\u00eda popular y fortalecen el tejido social. En esa l\u00ednea, la Alcald\u00eda de Guayaquil contin\u00faa promoviendo iniciativas que potencian estos centros de abasto como lugares seguros, ordenados y activos, que aportan al desarrollo de la ciudad y a la calidad de vida de sus habitantes.<\/p>\n","protected":false},"excerpt":{"rendered":"<p>Guayaquil.- Con m\u00fasica, identidad y una intensa actividad comercial, el Mercado Municipal Jos\u00e9 Mascote conmemora este 1 de mayo sus 27 a\u00f1os de servicio, consolidado como un punto clave de abastecimiento y encuentro ciudadano en Guayaquil. Ubicado en la Av. del Ej\u00e9rcito y Pedro Pablo G\u00f3mez, este emblem\u00e1tico espacio re\u00fane a 270 comerciantes que, d\u00eda [&hellip;]<\/p>\n","protected":false},"author":2,"featured_media":36900,"comment_status":"open","ping_status":"closed","sticky":false,"template":"","format":"standard","meta":{"_jetpack_memberships_contains_paid_content":false,"footnotes":""},"categories":[33,13],"tags":[8503],"class_list":["post-51504","post","type-post","status-publish","format-standard","has-post-thumbnail","hentry","category-guayaquil","category-noticias-nacionales","tag-mercado-municipal-jose-mascote"],"jetpack_featured_media_url":"https:\/\/radiocresatelital.com\/wp-content\/uploads\/2025\/09\/municipio-guayaquil-instituciones-activan-plan-garantizar-servicios-ciudad.jpg","jetpack_sharing_enabled":true,"_links":{"self":[{"href":"https:\/\/radiocresatelital.com\/index.php?rest_route=\/wp\/v2\/posts\/51504","targetHints":{"allow":["GET"]}}],"collection":[{"href":"https:\/\/radiocresatelital.com\/index.php?rest_route=\/wp\/v2\/posts"}],"about":[{"href":"https:\/\/radiocresatelital.com\/index.php?rest_route=\/wp\/v2\/types\/post"}],"author":[{"embeddable":true,"href":"https:\/\/radiocresatelital.com\/index.php?rest_route=\/wp\/v2\/users\/2"}],"replies":[{"embeddable":true,"href":"https:\/\/radiocresatelital.com\/index.php?rest_route=%2Fwp%2Fv2%2Fcomments&post=51504"}],"version-history":[{"count":1,"href":"https:\/\/radiocresatelital.com\/index.php?rest_route=\/wp\/v2\/posts\/51504\/revisions"}],"predecessor-version":[{"id":51505,"href":"https:\/\/radiocresatelital.com\/index.php?rest_route=\/wp\/v2\/posts\/51504\/revisions\/51505"}],"wp:featuredmedia":[{"embeddable":true,"href":"https:\/\/radiocresatelital.com\/index.php?rest_route=\/wp\/v2\/media\/36900"}],"wp:attachment":[{"href":"https:\/\/radiocresatelital.com\/index.php?rest_route=%2Fwp%2Fv2%2Fmedia&parent=51504"}],"wp:term":[{"taxonomy":"category","embeddable":true,"href":"https:\/\/radiocresatelital.com\/index.php?rest_route=%2Fwp%2Fv2%2Fcategories&post=51504"},{"taxonomy":"post_tag","embeddable":true,"href":"https:\/\/radiocresatelital.com\/index.php?rest_route=%2Fwp%2Fv2%2Ftags&post=51504"}],"curies":[{"name":"wp","href":"https:\/\/api.w.org\/{rel}","templated":true}]}}