{"id":51501,"date":"2026-04-29T18:31:37","date_gmt":"2026-04-29T18:31:37","guid":{"rendered":"https:\/\/radiocresatelital.com\/?p=51501"},"modified":"2026-04-29T18:31:37","modified_gmt":"2026-04-29T18:31:37","slug":"iluminacion-canchas-y-espacios-publicos-asi-avanza-la-repotenciacion-del-parque-samanes","status":"publish","type":"post","link":"https:\/\/radiocresatelital.com\/?p=51501","title":{"rendered":"Iluminaci\u00f3n, canchas y espacios p\u00fablicos: as\u00ed avanza la repotenciaci\u00f3n del Parque Samanes"},"content":{"rendered":"<p>Guayaquil.- Tras 16 a\u00f1os de su apertura, el Parque Samanes atraviesa una intervenci\u00f3n sin precedentes desde su creaci\u00f3n. Este espacio p\u00fablico inici\u00f3 una transformaci\u00f3n integral, ejecutada por el Municipio de Guayaquil a trav\u00e9s de Parques EP, en dos fases, orientada a recuperar, modernizar y potenciar su infraestructura para un uso seguro y permanente por parte de la ciudadan\u00eda.<\/p>\n<p>Actualmente se ejecuta la primera fase del plan, que incluye el reemplazo de 3.183 luminarias por tecnolog\u00eda LED telegestionada, as\u00ed como el cambio total del cableado en sectores estrat\u00e9gicos como \u00e1reas de picnic, parqueadero 7 (ubicado en el ingreso de la avenida Teodoro Alvarado), la pista atl\u00e9tica y las lagunas.<\/p>\n<p>La intervenci\u00f3n tambi\u00e9n contempla la renovaci\u00f3n de 220 estaciones de descanso, con el cambio de cubiertas de policarbonato, mantenimiento estructural, masillado y lacado de bancas. A esto se suma el mantenimiento de la infraestructura de las siete piletas ubicadas en el ingreso por la avenida Francisco de Orellana, junto con la reparaci\u00f3n de 1.480 postes met\u00e1licos de entre 6, 9 y 12 metros de altura, adem\u00e1s de la intervenci\u00f3n en mallas electrosoldadas en distintas zonas del parque. En el \u00e1mbito deportivo, se realiz\u00f3 el cambio de c\u00e9sped sint\u00e9tico en 7 canchas de f\u00fatbol peque\u00f1as, 18 medianas y una profesional.<\/p>\n<p>La segunda fase, prevista para iniciar en junio, contempla intervenciones de mayor alcance estructural. Entre ellas, la reparaci\u00f3n de las tres lagunas del parque, la rehabilitaci\u00f3n completa de la pista atl\u00e9tica, la intervenci\u00f3n del 35% restante de las canchas y la reparaci\u00f3n integral de las bater\u00edas sanitarias. Adem\u00e1s, se proyecta la instalaci\u00f3n de techado en las gradas de las canchas alternas 1 y 2, el reemplazo total de m\u00e1quinas biosaludables y juegos infantiles, as\u00ed como trabajos el\u00e9ctricos en el sector de la concha ac\u00fastica.<\/p>\n<p>La inversi\u00f3n total de este plan asciende a USD 3\u2019365.900, lo que consolida una de las intervenciones m\u00e1s importantes en infraestructura recreativa ejecutadas en el parque desde su inauguraci\u00f3n.<\/p>\n<p>Este proceso marca un punto de inflexi\u00f3n en la gesti\u00f3n de uno de los espacios recreativos m\u00e1s extensos del pa\u00eds, con acciones orientadas a mejorar la experiencia de los visitantes, fortalecer la seguridad y garantizar condiciones adecuadas para el deporte, el esparcimiento y la convivencia ciudadana.<\/p>\n","protected":false},"excerpt":{"rendered":"<p>Guayaquil.- Tras 16 a\u00f1os de su apertura, el Parque Samanes atraviesa una intervenci\u00f3n sin precedentes desde su creaci\u00f3n. Este espacio p\u00fablico inici\u00f3 una transformaci\u00f3n integral, ejecutada por el Municipio de Guayaquil a trav\u00e9s de Parques EP, en dos fases, orientada a recuperar, modernizar y potenciar su infraestructura para un uso seguro y permanente por parte [&hellip;]<\/p>\n","protected":false},"author":2,"featured_media":51502,"comment_status":"open","ping_status":"closed","sticky":false,"template":"","format":"standard","meta":{"_jetpack_memberships_contains_paid_content":false,"footnotes":""},"categories":[33,13],"tags":[3091,5363],"class_list":["post-51501","post","type-post","status-publish","format-standard","has-post-thumbnail","hentry","category-guayaquil","category-noticias-nacionales","tag-parque-samanes","tag-parques-ep"],"jetpack_featured_media_url":"https:\/\/radiocresatelital.com\/wp-content\/uploads\/2026\/04\/ARREGLO-DE-CANCHAS-Y-LUMINARIAS-PARQUE-SAMANES-8.jpeg","jetpack_sharing_enabled":true,"_links":{"self":[{"href":"https:\/\/radiocresatelital.com\/index.php?rest_route=\/wp\/v2\/posts\/51501","targetHints":{"allow":["GET"]}}],"collection":[{"href":"https:\/\/radiocresatelital.com\/index.php?rest_route=\/wp\/v2\/posts"}],"about":[{"href":"https:\/\/radiocresatelital.com\/index.php?rest_route=\/wp\/v2\/types\/post"}],"author":[{"embeddable":true,"href":"https:\/\/radiocresatelital.com\/index.php?rest_route=\/wp\/v2\/users\/2"}],"replies":[{"embeddable":true,"href":"https:\/\/radiocresatelital.com\/index.php?rest_route=%2Fwp%2Fv2%2Fcomments&post=51501"}],"version-history":[{"count":1,"href":"https:\/\/radiocresatelital.com\/index.php?rest_route=\/wp\/v2\/posts\/51501\/revisions"}],"predecessor-version":[{"id":51503,"href":"https:\/\/radiocresatelital.com\/index.php?rest_route=\/wp\/v2\/posts\/51501\/revisions\/51503"}],"wp:featuredmedia":[{"embeddable":true,"href":"https:\/\/radiocresatelital.com\/index.php?rest_route=\/wp\/v2\/media\/51502"}],"wp:attachment":[{"href":"https:\/\/radiocresatelital.com\/index.php?rest_route=%2Fwp%2Fv2%2Fmedia&parent=51501"}],"wp:term":[{"taxonomy":"category","embeddable":true,"href":"https:\/\/radiocresatelital.com\/index.php?rest_route=%2Fwp%2Fv2%2Fcategories&post=51501"},{"taxonomy":"post_tag","embeddable":true,"href":"https:\/\/radiocresatelital.com\/index.php?rest_route=%2Fwp%2Fv2%2Ftags&post=51501"}],"curies":[{"name":"wp","href":"https:\/\/api.w.org\/{rel}","templated":true}]}}