{"id":515,"date":"2023-06-29T07:18:50","date_gmt":"2023-06-29T07:18:50","guid":{"rendered":"https:\/\/radiocresatelital.com\/?p=515"},"modified":"2023-06-29T16:50:53","modified_gmt":"2023-06-29T16:50:53","slug":"todo-listo-para-el-arranque-del-tour-de-francia-2023","status":"publish","type":"post","link":"https:\/\/radiocresatelital.com\/?p=515","title":{"rendered":"Todo listo para el arranque del Tour de Francia 2023"},"content":{"rendered":"<p><span data-contrast=\"auto\">Bilbao.- Se ultiman detalles para el inicio de la edici\u00f3n N\u00b0110 de la carrera de ciclismo m\u00e1s importante del calendario mundial: El Tour de Francia.<\/span><span data-ccp-props=\"{&quot;201341983&quot;:0,&quot;335559739&quot;:160,&quot;335559740&quot;:259}\">\u00a0<\/span><\/p>\n<p><span data-contrast=\"auto\">Los 176 ciclistas, repartidos en 22 equipos, ya fueron oficializados por la organizaci\u00f3n de \u201cLa Grande Boucle\u201d. Recorrer\u00e1n m\u00e1s de 3400 kil\u00f3metros a lo largo de 21 etapas que dar\u00e1n inicio, por ocasi\u00f3n #25, fuera de Francia, espec\u00edficamente en Bilbao, Espa\u00f1a. Ser\u00e1n tres\u00a0semanas de emociones que comenzar\u00e1n este s\u00e1bado 1 de julio en el Pa\u00eds\u00a0Vasco y que coronar\u00e1 el domingo 23 en Par\u00eds, en el m\u00edtico paseo sobre los Campos El\u00edseos. <\/span><span data-ccp-props=\"{&quot;201341983&quot;:0,&quot;335559739&quot;:160,&quot;335559740&quot;:259}\">\u00a0<\/span><\/p>\n<p><span data-contrast=\"auto\">Esta edici\u00f3n 2023 del Tour nos presenta un recorrido muy exigente. Se redujeron las etapas llanas (ideal para los sprinters) a tan solo 6; habr\u00e1 apenas 1 contrarreloj individual; las etapas de media monta\u00f1a son 6 pero muy exigentes; y habr\u00e1 8 etapas de monta\u00f1a, 5 de ellas con llegada en alto, que prometen brindar un espect\u00e1culo \u00fanico por parte de los escaladores.<\/span><span data-ccp-props=\"{&quot;201341983&quot;:0,&quot;335559739&quot;:160,&quot;335559740&quot;:259}\">\u00a0<\/span><\/p>\n<p><span data-contrast=\"auto\">Bilbao no solo tendr\u00e1 el honor de acoger el \u201cGrand D\u00e9part\u201d (Gran Salida) del Tour 2023, sino que ser\u00e1 el sitio donde se d\u00e9 la presentaci\u00f3n oficial de los equipos participantes. Este jueves 29 de junio, en la explanada del museo Guggenheim (de los principales atractivos tur\u00edsticos de Bilbao), se estima que 30.000 personas vean la puesta en escena de los aspirantes a ganar la ronda gala y que ser\u00e1 transmitida en vivo y en directo para\u00a0el mundo entero. No solo pasar\u00e1n por el escenario, sino que dar\u00e1n una peque\u00f1a vuelta a un circuito en el\u00a0que los asistentes disfrutar\u00e1n viendo e interactuando con sus corredores favoritos.<\/span><span data-ccp-props=\"{&quot;201341983&quot;:0,&quot;335559739&quot;:160,&quot;335559740&quot;:259}\">\u00a0<\/span><\/p>\n<p><span data-contrast=\"auto\">Y hablando de favoritos, esta edici\u00f3n 2023 tiene 2 nombres que sobresalen por sobre el resto del pelot\u00f3n: el campe\u00f3n reinante, el dan\u00e9s Jonas VINGEGAARD (Team Jumbo \u2013 Visma), y el bicampe\u00f3n 2020\/2021 el esloveno Tadej Pogacar (UAE Team Emirates). Ambos ciclistas han disputado rueda a rueda las \u00faltimas 2 ediciones, adem\u00e1s de que sus resultados en las competencias previas de este a\u00f1o avalan sus condiciones de aspirantes a vestirse con el maillot amarillo el dia final de la carrera en Par\u00eds. <\/span><span data-ccp-props=\"{&quot;201341983&quot;:0,&quot;335559739&quot;:160,&quot;335559740&quot;:259}\">\u00a0<\/span><\/p>\n<p><span data-contrast=\"auto\">En otro lote se sit\u00faan un grupo de fant\u00e1sticos corredores que est\u00e1n listos a dar el batacazo en la ronda gala; corredores de la talla del ecuatoriano Richard CARAPAZ (EF Education EasyPost), de los espa\u00f1oles Enric M\u00c1S (<\/span><span data-contrast=\"none\">Movistar Team)<\/span><span data-contrast=\"auto\">\u00a0y Mikel LANDA (<\/span><span data-contrast=\"none\">Bahrain \u2013 Victorious)<\/span><span data-contrast=\"auto\">, del neerland\u00e9s Wout VAN AERT (Team Jumbo \u2013 Visma), del brit\u00e1nico Adam YATES ((UAE Team Emirates),\u00a0de los franceses Thibaut PINOT, David GAUDU (Groupama &#8211; FDJ) y Romain BARDET (Team DSM &#8211; Firmenich), del australiano Jai HINDLEY (BORA &#8211; hansgrohe), o del colombiano Egan BERNAL (INEOS Grenadiers), llegan en gran forma para afrontar la carrera m\u00e1s importante del a\u00f1o.<\/span><span data-ccp-props=\"{&quot;201341983&quot;:0,&quot;335559739&quot;:160,&quot;335559740&quot;:259}\">\u00a0<\/span><\/p>\n<p><span data-contrast=\"auto\">Todas las emociones del Tour de Francia 2023 Ud. las vivir\u00e1 d\u00eda a d\u00eda, etapa tras etapa, por la #1 de los deportes, Radio C.R.E. Satelital, a trav\u00e9s de informes especiales en todas nuestras redes sociales y plataformas. <\/span><span data-ccp-props=\"{&quot;201341983&quot;:0,&quot;335559739&quot;:160,&quot;335559740&quot;:259}\">\u00a0<\/span><\/p>\n","protected":false},"excerpt":{"rendered":"<p>Bilbao.- Se ultiman detalles para el inicio de la edici\u00f3n N\u00b0110 de la carrera de ciclismo m\u00e1s importante del calendario mundial: El Tour de Francia.\u00a0 Los 176 ciclistas, repartidos en 22 equipos, ya fueron oficializados por la organizaci\u00f3n de \u201cLa Grande Boucle\u201d. Recorrer\u00e1n m\u00e1s de 3400 kil\u00f3metros a lo largo de 21 etapas que dar\u00e1n [&hellip;]<\/p>\n","protected":false},"author":2,"featured_media":517,"comment_status":"open","ping_status":"closed","sticky":false,"template":"","format":"standard","meta":{"_jetpack_memberships_contains_paid_content":false,"footnotes":""},"categories":[120,59],"tags":[130,129,128,131],"class_list":["post-515","post","type-post","status-publish","format-standard","has-post-thumbnail","hentry","category-ciclismo","category-deporte-internacional","tag-pogacar","tag-richard-carapaz","tag-tour-de-francia","tag-vingegaard"],"jetpack_featured_media_url":"https:\/\/radiocresatelital.com\/wp-content\/uploads\/2023\/06\/pogacar-y-vingegard-escalando.jpg","jetpack_sharing_enabled":true,"_links":{"self":[{"href":"https:\/\/radiocresatelital.com\/index.php?rest_route=\/wp\/v2\/posts\/515","targetHints":{"allow":["GET"]}}],"collection":[{"href":"https:\/\/radiocresatelital.com\/index.php?rest_route=\/wp\/v2\/posts"}],"about":[{"href":"https:\/\/radiocresatelital.com\/index.php?rest_route=\/wp\/v2\/types\/post"}],"author":[{"embeddable":true,"href":"https:\/\/radiocresatelital.com\/index.php?rest_route=\/wp\/v2\/users\/2"}],"replies":[{"embeddable":true,"href":"https:\/\/radiocresatelital.com\/index.php?rest_route=%2Fwp%2Fv2%2Fcomments&post=515"}],"version-history":[{"count":5,"href":"https:\/\/radiocresatelital.com\/index.php?rest_route=\/wp\/v2\/posts\/515\/revisions"}],"predecessor-version":[{"id":521,"href":"https:\/\/radiocresatelital.com\/index.php?rest_route=\/wp\/v2\/posts\/515\/revisions\/521"}],"wp:featuredmedia":[{"embeddable":true,"href":"https:\/\/radiocresatelital.com\/index.php?rest_route=\/wp\/v2\/media\/517"}],"wp:attachment":[{"href":"https:\/\/radiocresatelital.com\/index.php?rest_route=%2Fwp%2Fv2%2Fmedia&parent=515"}],"wp:term":[{"taxonomy":"category","embeddable":true,"href":"https:\/\/radiocresatelital.com\/index.php?rest_route=%2Fwp%2Fv2%2Fcategories&post=515"},{"taxonomy":"post_tag","embeddable":true,"href":"https:\/\/radiocresatelital.com\/index.php?rest_route=%2Fwp%2Fv2%2Ftags&post=515"}],"curies":[{"name":"wp","href":"https:\/\/api.w.org\/{rel}","templated":true}]}}