{"id":51498,"date":"2026-04-28T23:22:36","date_gmt":"2026-04-28T23:22:36","guid":{"rendered":"https:\/\/radiocresatelital.com\/?p=51498"},"modified":"2026-04-28T23:22:36","modified_gmt":"2026-04-28T23:22:36","slug":"municipio-anuncia-acciones-por-toque-de-queda-y-operativo-especial-durante-feriado-por-el-dia-del-trabajo","status":"publish","type":"post","link":"https:\/\/radiocresatelital.com\/?p=51498","title":{"rendered":"Municipio anuncia acciones por toque de queda y operativo especial durante feriado por el D\u00eda del Trabajo"},"content":{"rendered":"<p>Guayaquil.- Durante una rueda de prensa, el Gerente de Segura EP, Alex Anchundia, detall\u00f3 el plan que ejecutar\u00e1 el Municipio de Guayaquil para garantizar la continuidad de los servicios municipales durante el toque de queda dispuesto por el Gobierno Nacional del 3 al 18 de mayo.<\/p>\n<p>El funcionario precis\u00f3 que se realizaron coordinaciones anticipadas con el Bloque de Seguridad del Ecuador, integrado por la Polic\u00eda Nacional y las Fuerzas Armadas, con el fin de mantener la operatividad de los servicios municipales y la seguridad ciudadana.<\/p>\n<p>La Red de Mercados Municipales atender\u00e1 de 06h00 a 18h00 locales (11h00 a 23h00 GMT), mientras que el Mercado de Transferencia de V\u00edveres operar\u00e1 de 05h00 a 22h30 locales (10h00 a 03h30 GMT). Los espacios administrados por Parques EP, como Parque Samanes y Parque Forestal, estar\u00e1n habilitados de 06h00 a 20h30 locales (11h00 a 01h30 GMT)<\/p>\n<p>En cuanto al transporte p\u00fablico, la Metrov\u00eda operar\u00e1 de 06h00 a 21h00 locales (11h00 a 02h00 GMT) y la Aerov\u00eda de 05h30 a 21h20 locales (10h30 a 02h30 GMT). Asimismo, el Malec\u00f3n 2000 y el Malec\u00f3n del Salado abrir\u00e1n de 10h00 a 21h00 locales (15h00 a 02h00 GMT). La Terminal Terrestre Jaime Rold\u00f3s Aguilera funcionar\u00e1 de 05h00 a 21h00 locales (10h00 a 02h00 GMT), mientras que las terminales de Pascuales y V\u00eda a la Costa lo har\u00e1n de 06h00 a 21h00 locales (11h00 a 02h00 GMT).<\/p>\n<p>Al referirse a la recolecci\u00f3n de desechos en Guayaquil, Anchundia mencion\u00f3: \u201cPor ahora, de lo que hemos podido coordinar, vamos a poder llevar las labores con normalidad, de manera coordinada desde el C5 de Guayaquil con el Bloque de Seguridad. Esto quiere decir que, si existe alg\u00fan operativo en alg\u00fan sector, podemos coordinarnos para no entorpecerlo ni poner en riesgo al personal de Urvaseo\u201d.<\/p>\n<p>En ese marco, se inform\u00f3 que los camiones recolectores ser\u00e1n supervisados en tiempo real mediante rastreo satelital y videovigilancia, adem\u00e1s de portar identificaci\u00f3n visible que facilite su movilidad durante los controles. Ante eventuales operativos, se ajustar\u00e1n recorridos y cronogramas para asegurar una cobertura segura y continua.<\/p>\n<p>Con motivo del feriado por el D\u00eda del Trabajo, que inicia este jueves 30 de abril, Segura EP mantendr\u00e1 activaci\u00f3n permanente las 24 horas, con 34.000 c\u00e1maras monitoreadas desde el C5 GYE, cerca de 1.300 agentes de control municipal, 124 patrullas y 300 operadores disponibles para atender requerimientos a trav\u00e9s de la L\u00ednea 181.<\/p>\n<p>Por su parte, la Agencia de Tr\u00e1nsito y Movilidad (ATM) desplegar\u00e1 300 uniformados, 80 motocicletas y 35 patrullas en puntos estrat\u00e9gicos como terminales, centros comerciales y zonas de alta concurrencia.<\/p>\n","protected":false},"excerpt":{"rendered":"<p>Guayaquil.- Durante una rueda de prensa, el Gerente de Segura EP, Alex Anchundia, detall\u00f3 el plan que ejecutar\u00e1 el Municipio de Guayaquil para garantizar la continuidad de los servicios municipales durante el toque de queda dispuesto por el Gobierno Nacional del 3 al 18 de mayo. El funcionario precis\u00f3 que se realizaron coordinaciones anticipadas con [&hellip;]<\/p>\n","protected":false},"author":2,"featured_media":51499,"comment_status":"open","ping_status":"closed","sticky":false,"template":"","format":"standard","meta":{"_jetpack_memberships_contains_paid_content":false,"footnotes":""},"categories":[33,13],"tags":[8502],"class_list":["post-51498","post","type-post","status-publish","format-standard","has-post-thumbnail","hentry","category-guayaquil","category-noticias-nacionales","tag-gerente-de-segura-ep-alex-anchundia"],"jetpack_featured_media_url":"https:\/\/radiocresatelital.com\/wp-content\/uploads\/2026\/04\/Segura-2-1536x1022-1.webp","jetpack_sharing_enabled":true,"_links":{"self":[{"href":"https:\/\/radiocresatelital.com\/index.php?rest_route=\/wp\/v2\/posts\/51498","targetHints":{"allow":["GET"]}}],"collection":[{"href":"https:\/\/radiocresatelital.com\/index.php?rest_route=\/wp\/v2\/posts"}],"about":[{"href":"https:\/\/radiocresatelital.com\/index.php?rest_route=\/wp\/v2\/types\/post"}],"author":[{"embeddable":true,"href":"https:\/\/radiocresatelital.com\/index.php?rest_route=\/wp\/v2\/users\/2"}],"replies":[{"embeddable":true,"href":"https:\/\/radiocresatelital.com\/index.php?rest_route=%2Fwp%2Fv2%2Fcomments&post=51498"}],"version-history":[{"count":1,"href":"https:\/\/radiocresatelital.com\/index.php?rest_route=\/wp\/v2\/posts\/51498\/revisions"}],"predecessor-version":[{"id":51500,"href":"https:\/\/radiocresatelital.com\/index.php?rest_route=\/wp\/v2\/posts\/51498\/revisions\/51500"}],"wp:featuredmedia":[{"embeddable":true,"href":"https:\/\/radiocresatelital.com\/index.php?rest_route=\/wp\/v2\/media\/51499"}],"wp:attachment":[{"href":"https:\/\/radiocresatelital.com\/index.php?rest_route=%2Fwp%2Fv2%2Fmedia&parent=51498"}],"wp:term":[{"taxonomy":"category","embeddable":true,"href":"https:\/\/radiocresatelital.com\/index.php?rest_route=%2Fwp%2Fv2%2Fcategories&post=51498"},{"taxonomy":"post_tag","embeddable":true,"href":"https:\/\/radiocresatelital.com\/index.php?rest_route=%2Fwp%2Fv2%2Ftags&post=51498"}],"curies":[{"name":"wp","href":"https:\/\/api.w.org\/{rel}","templated":true}]}}