{"id":51495,"date":"2026-04-28T23:12:28","date_gmt":"2026-04-28T23:12:28","guid":{"rendered":"https:\/\/radiocresatelital.com\/?p=51495"},"modified":"2026-04-28T23:12:28","modified_gmt":"2026-04-28T23:12:28","slug":"plan-estrategico-de-desarrollo-turistico-busca-consolidar-a-guayaquil-como-destino-del-pacifico-sur","status":"publish","type":"post","link":"https:\/\/radiocresatelital.com\/?p=51495","title":{"rendered":"Plan Estrat\u00e9gico de Desarrollo Tur\u00edstico busca consolidar a Guayaquil como destino del Pac\u00edfico Sur"},"content":{"rendered":"<p>Guayaquil.- La Perla del Pac\u00edfico, Guayaquil avanza en su posicionamiento como un destino tur\u00edstico competitivo mediante la presentaci\u00f3n del Plan Estrat\u00e9gico de Desarrollo Tur\u00edstico 2035, una hoja de ruta que articula planificaci\u00f3n, regulaci\u00f3n, control y gesti\u00f3n para dinamizar la econom\u00eda local y fortalecer la oferta tur\u00edstica en beneficio de visitantes, emprendedores y actores del sector.<\/p>\n<p>El lanzamiento del plan reuni\u00f3 a representantes del sector tur\u00edstico local en el Sal\u00f3n de la Ciudad, donde se expusieron los principales lineamientos de esta estrategia de largo plazo. El asesor de la Alcald\u00eda, Luis Alfonso Saltos, destac\u00f3 que el documento integra aportes del sector p\u00fablico y privado.<\/p>\n<p>\u201cEst\u00e1 alineado al Plan de Gobierno del se\u00f1or Alcalde y tambi\u00e9n al Plan de Desarrollo y Ordenamiento Territorial. Adem\u00e1s de la reconstrucci\u00f3n del tejido social, busca la reactivaci\u00f3n econ\u00f3mica de Guayaquil, en la que ustedes son parte clave de esa reactivaci\u00f3n\u201d, coment\u00f3 Saltos.<\/p>\n<p>Por su parte, la directora de Turismo y Eventos Especiales del Municipio, Tahiz Panus, se\u00f1al\u00f3 que el proceso de construcci\u00f3n del plan inici\u00f3 en julio de 2025 y ya se encuentra en fase de implementaci\u00f3n. \u201cHoy lo estamos presentando; sin embargo, ya se empez\u00f3 a ejecutar. Fue socializado tambi\u00e9n en mesas de trabajo con todos los actores que involucran al sector tur\u00edstico, incluyendo el sector rural\u201d, dijo.<\/p>\n<p>Como parte de su estructura, el plan contempla la creaci\u00f3n de la Organizaci\u00f3n para la Gesti\u00f3n de Destino (OGD), un equipo t\u00e9cnico encargado de monitorear riesgos, evaluar el avance de la estrategia y asegurar su continuidad en el tiempo.<\/p>\n<p>El consultor Jorge Mori explic\u00f3 que uno de los ejes prioritarios es el fortalecimiento de la infraestructura y la seguridad tur\u00edstica. \u201cEn el tema de infraestructura, como eje, estamos proponiendo tres proyectos puntuales: primero, la se\u00f1alizaci\u00f3n tur\u00edstica en corredores tur\u00edsticos seguros; segundo, la iluminaci\u00f3n; y tercero, el web finding, que otros destinos ya lo est\u00e1n implementando. Tambi\u00e9n se plantea Guayaquil 360 para contar con corredores tur\u00edsticos seguros y se\u00f1alizados\u201d, acot\u00f3.<\/p>\n<p>El plan tambi\u00e9n incorpora como ejes estrat\u00e9gicos la conectividad y el desarrollo del talento humano, con el objetivo de elevar la calidad de los servicios tur\u00edsticos y mejorar la experiencia del visitante.<\/p>\n<p>La proyecci\u00f3n al 2035 busca consolidar a Guayaquil como hub del Pac\u00edfico Sur, con un impacto directo en la generaci\u00f3n de empleo y el crecimiento econ\u00f3mico, impulsando experiencias en gastronom\u00eda, naturaleza, cultura y el segmento MICE (reuniones, incentivos, congresos y exposiciones).<\/p>\n","protected":false},"excerpt":{"rendered":"<p>Guayaquil.- La Perla del Pac\u00edfico, Guayaquil avanza en su posicionamiento como un destino tur\u00edstico competitivo mediante la presentaci\u00f3n del Plan Estrat\u00e9gico de Desarrollo Tur\u00edstico 2035, una hoja de ruta que articula planificaci\u00f3n, regulaci\u00f3n, control y gesti\u00f3n para dinamizar la econom\u00eda local y fortalecer la oferta tur\u00edstica en beneficio de visitantes, emprendedores y actores del sector. [&hellip;]<\/p>\n","protected":false},"author":2,"featured_media":51496,"comment_status":"open","ping_status":"closed","sticky":false,"template":"","format":"standard","meta":{"_jetpack_memberships_contains_paid_content":false,"footnotes":""},"categories":[33,13],"tags":[8501],"class_list":["post-51495","post","type-post","status-publish","format-standard","has-post-thumbnail","hentry","category-guayaquil","category-noticias-nacionales","tag-plan-estrategico-de-desarrollo-turistico-2035"],"jetpack_featured_media_url":"https:\/\/radiocresatelital.com\/wp-content\/uploads\/2026\/04\/PLAN-DE-TURISMO-2035-1.jpg","jetpack_sharing_enabled":true,"_links":{"self":[{"href":"https:\/\/radiocresatelital.com\/index.php?rest_route=\/wp\/v2\/posts\/51495","targetHints":{"allow":["GET"]}}],"collection":[{"href":"https:\/\/radiocresatelital.com\/index.php?rest_route=\/wp\/v2\/posts"}],"about":[{"href":"https:\/\/radiocresatelital.com\/index.php?rest_route=\/wp\/v2\/types\/post"}],"author":[{"embeddable":true,"href":"https:\/\/radiocresatelital.com\/index.php?rest_route=\/wp\/v2\/users\/2"}],"replies":[{"embeddable":true,"href":"https:\/\/radiocresatelital.com\/index.php?rest_route=%2Fwp%2Fv2%2Fcomments&post=51495"}],"version-history":[{"count":1,"href":"https:\/\/radiocresatelital.com\/index.php?rest_route=\/wp\/v2\/posts\/51495\/revisions"}],"predecessor-version":[{"id":51497,"href":"https:\/\/radiocresatelital.com\/index.php?rest_route=\/wp\/v2\/posts\/51495\/revisions\/51497"}],"wp:featuredmedia":[{"embeddable":true,"href":"https:\/\/radiocresatelital.com\/index.php?rest_route=\/wp\/v2\/media\/51496"}],"wp:attachment":[{"href":"https:\/\/radiocresatelital.com\/index.php?rest_route=%2Fwp%2Fv2%2Fmedia&parent=51495"}],"wp:term":[{"taxonomy":"category","embeddable":true,"href":"https:\/\/radiocresatelital.com\/index.php?rest_route=%2Fwp%2Fv2%2Fcategories&post=51495"},{"taxonomy":"post_tag","embeddable":true,"href":"https:\/\/radiocresatelital.com\/index.php?rest_route=%2Fwp%2Fv2%2Ftags&post=51495"}],"curies":[{"name":"wp","href":"https:\/\/api.w.org\/{rel}","templated":true}]}}