{"id":51492,"date":"2026-04-28T23:04:50","date_gmt":"2026-04-28T23:04:50","guid":{"rendered":"https:\/\/radiocresatelital.com\/?p=51492"},"modified":"2026-04-28T23:05:00","modified_gmt":"2026-04-28T23:05:00","slug":"mantenimiento-de-la-av-quito-avanza-con-nuevos-trabajos-entre-ayacucho-y-aguirre","status":"publish","type":"post","link":"https:\/\/radiocresatelital.com\/?p=51492","title":{"rendered":"Mantenimiento de la Av. Quito avanza con nuevos trabajos entre Ayacucho y Aguirre"},"content":{"rendered":"<p>Guayaquil.- El mantenimiento de la avenida Quito, una de las v\u00edas m\u00e1s estrat\u00e9gicas de Guayaquil, contin\u00faa esta semana con trabajos de reposici\u00f3n de carpeta asf\u00e1ltica en el tramo comprendido entre las calles Ayacucho y Aguirre.<\/p>\n<p>Las labores consisten en el retiro de la capa de asfalto deteriorada y la colocaci\u00f3n de una nueva carpeta asf\u00e1ltica en los puntos que presentan mayor desgaste, con el objetivo de optimizar la movilidad y ofrecer una v\u00eda en mejores condiciones para conductores y transportistas.<\/p>\n<p>Los trabajos se ejecutan de manera progresiva para reducir el impacto en la circulaci\u00f3n y permitir el tr\u00e1nsito vehicular mientras avanzan las jornadas de intervenci\u00f3n. El objetivo es completar la rehabilitaci\u00f3n de toda la avenida Quito, una de las arterias m\u00e1s transitadas de la ciudad.<\/p>\n<p>\u201cEl Municipio sigue haciendo sus obras como es debido. Me parece espectacular. Esperemos que sigan de la misma manera y que Dios los gu\u00ede\u201d, expres\u00f3 Luis Pionce, taxista que labora en el sector.<\/p>\n<p>La intervenci\u00f3n, ejecutada por la Direcci\u00f3n de Obras P\u00fablicas, busca mejorar la circulaci\u00f3n vehicular y recuperar la superficie de rodadura en una arteria clave que conecta el sur con el centro de la ciudad, adem\u00e1s de servir como enlace hacia sectores estrat\u00e9gicos como el Puerto Mar\u00edtimo.<\/p>\n","protected":false},"excerpt":{"rendered":"<p>Guayaquil.- El mantenimiento de la avenida Quito, una de las v\u00edas m\u00e1s estrat\u00e9gicas de Guayaquil, contin\u00faa esta semana con trabajos de reposici\u00f3n de carpeta asf\u00e1ltica en el tramo comprendido entre las calles Ayacucho y Aguirre. Las labores consisten en el retiro de la capa de asfalto deteriorada y la colocaci\u00f3n de una nueva carpeta asf\u00e1ltica [&hellip;]<\/p>\n","protected":false},"author":2,"featured_media":51493,"comment_status":"open","ping_status":"closed","sticky":false,"template":"","format":"standard","meta":{"_jetpack_memberships_contains_paid_content":false,"footnotes":""},"categories":[33,13],"tags":[8500],"class_list":["post-51492","post","type-post","status-publish","format-standard","has-post-thumbnail","hentry","category-guayaquil","category-noticias-nacionales","tag-mantenimiento-de-la-avenida-quito"],"jetpack_featured_media_url":"https:\/\/radiocresatelital.com\/wp-content\/uploads\/2026\/04\/ASFALTADO-AVENIDA-QUITO-5-scaled.jpeg","jetpack_sharing_enabled":true,"_links":{"self":[{"href":"https:\/\/radiocresatelital.com\/index.php?rest_route=\/wp\/v2\/posts\/51492","targetHints":{"allow":["GET"]}}],"collection":[{"href":"https:\/\/radiocresatelital.com\/index.php?rest_route=\/wp\/v2\/posts"}],"about":[{"href":"https:\/\/radiocresatelital.com\/index.php?rest_route=\/wp\/v2\/types\/post"}],"author":[{"embeddable":true,"href":"https:\/\/radiocresatelital.com\/index.php?rest_route=\/wp\/v2\/users\/2"}],"replies":[{"embeddable":true,"href":"https:\/\/radiocresatelital.com\/index.php?rest_route=%2Fwp%2Fv2%2Fcomments&post=51492"}],"version-history":[{"count":1,"href":"https:\/\/radiocresatelital.com\/index.php?rest_route=\/wp\/v2\/posts\/51492\/revisions"}],"predecessor-version":[{"id":51494,"href":"https:\/\/radiocresatelital.com\/index.php?rest_route=\/wp\/v2\/posts\/51492\/revisions\/51494"}],"wp:featuredmedia":[{"embeddable":true,"href":"https:\/\/radiocresatelital.com\/index.php?rest_route=\/wp\/v2\/media\/51493"}],"wp:attachment":[{"href":"https:\/\/radiocresatelital.com\/index.php?rest_route=%2Fwp%2Fv2%2Fmedia&parent=51492"}],"wp:term":[{"taxonomy":"category","embeddable":true,"href":"https:\/\/radiocresatelital.com\/index.php?rest_route=%2Fwp%2Fv2%2Fcategories&post=51492"},{"taxonomy":"post_tag","embeddable":true,"href":"https:\/\/radiocresatelital.com\/index.php?rest_route=%2Fwp%2Fv2%2Ftags&post=51492"}],"curies":[{"name":"wp","href":"https:\/\/api.w.org\/{rel}","templated":true}]}}