{"id":51486,"date":"2026-04-28T21:49:06","date_gmt":"2026-04-28T21:49:06","guid":{"rendered":"https:\/\/radiocresatelital.com\/?p=51486"},"modified":"2026-04-28T21:49:06","modified_gmt":"2026-04-28T21:49:06","slug":"jugadores-que-se-tapen-la-boca-en-el-mundial-podran-recibir-una-cartulina-roja","status":"publish","type":"post","link":"https:\/\/radiocresatelital.com\/?p=51486","title":{"rendered":"Jugadores que se tapen la boca en el Mundial podr\u00e1n recibir una cartulina roja"},"content":{"rendered":"<p class=\"ssrcss-1q0x1qg-Paragraph e1jhz7w10\"><span dir=\"auto\">Vancouver.- Los jugadores que vayan a participar en el Mundial 2026, estar\u00e1n por recibir una tarjeta roja si se tapan la boca al hablar con sus oponentes durante los enfrentamientos.<\/span><\/p>\n<p class=\"ssrcss-1q0x1qg-Paragraph e1jhz7w10\"><span dir=\"auto\">La decisi\u00f3n se tom\u00f3 durante una reuni\u00f3n especial de la International Football Association Board (IFAB) en Vancouver, Canad\u00e1, el martes, donde se aprobaron dos enmiendas a las reglas propuestas por la FIFA.<\/span><\/p>\n<p class=\"ssrcss-1q0x1qg-Paragraph e1jhz7w10\"><span dir=\"auto\">Los jugadores que abandonen el terreno de juego en protesta por las decisiones del \u00e1rbitro tambi\u00e9n podr\u00edan enfrentarse ahora a una tarjeta roja, tras los lamentables incidentes ocurridos en la final de la Copa Africana de Naciones entre Marruecos y Senegal.<\/span><\/p>\n<p class=\"ssrcss-1q0x1qg-Paragraph e1jhz7w10\"><span dir=\"auto\">Ambas modificaciones legislativas han sido aprobadas por la IFAB como medidas de adhesi\u00f3n voluntaria en materia de competencia\u00a0<\/span><b class=\"ssrcss-1xjjfut-BoldText e5tfeyi3\"><span dir=\"auto\">.<\/span><\/b><\/p>\n<p class=\"ssrcss-1q0x1qg-Paragraph e1jhz7w10\"><span dir=\"auto\">La FIFA ha confirmado que ser\u00e1n adoptadas en el Mundial de este verano.<\/span><\/p>\n<p class=\"ssrcss-1q0x1qg-Paragraph e1jhz7w10\"><span dir=\"auto\">El tema de los jugadores que se tapan la boca cobr\u00f3 gran relevancia en febrero, cuando el extremo del Benfica, Gianluca Prestianni, se levant\u00f3 la camiseta mientras hablaba con Vinicius Jr., del Real Madrid, durante un partido de la Liga de Campeones.<\/span><\/p>\n<p class=\"ssrcss-1q0x1qg-Paragraph e1jhz7w10\"><span dir=\"auto\">El internacional argentino fue acusado de insultos racistas y suspendido provisionalmente por un partido. Tras una investigaci\u00f3n de la UEFA, Prestianni fue\u00a0<\/span><span dir=\"auto\">declarado culpable de conducta hom\u00f3foba<\/span><span dir=\"auto\">\u00a0y suspendido por seis partidos, tres de ellos en suspenso.<\/span><\/p>\n<p class=\"ssrcss-1q0x1qg-Paragraph e1jhz7w10\"><span dir=\"auto\">El tema se debati\u00f3 en la asamblea general anual de la IFAB celebrada en Gales a finales de ese mes, donde se acord\u00f3 que los miembros se reunir\u00edan de nuevo antes del Consejo de la FIFA de esta semana en Vancouver.<\/span><\/p>\n<p class=\"ssrcss-1q0x1qg-Paragraph e1jhz7w10\"><span dir=\"auto\">La decisi\u00f3n queda a la entera discreci\u00f3n del \u00e1rbitro, quien considerar\u00e1 todas las circunstancias antes de mostrar la tarjeta roja.<\/span><\/p>\n","protected":false},"excerpt":{"rendered":"<p>Vancouver.- Los jugadores que vayan a participar en el Mundial 2026, estar\u00e1n por recibir una tarjeta roja si se tapan la boca al hablar con sus oponentes durante los enfrentamientos. La decisi\u00f3n se tom\u00f3 durante una reuni\u00f3n especial de la International Football Association Board (IFAB) en Vancouver, Canad\u00e1, el martes, donde se aprobaron dos enmiendas [&hellip;]<\/p>\n","protected":false},"author":2,"featured_media":51487,"comment_status":"open","ping_status":"closed","sticky":false,"template":"","format":"standard","meta":{"_jetpack_memberships_contains_paid_content":false,"footnotes":""},"categories":[955],"tags":[3397],"class_list":["post-51486","post","type-post","status-publish","format-standard","has-post-thumbnail","hentry","category-mundial-de-futbol","tag-mundial-2026"],"jetpack_featured_media_url":"https:\/\/radiocresatelital.com\/wp-content\/uploads\/2026\/04\/13af5700-4332-11f1-b41f-6d23471e6e69.jpg.webp","jetpack_sharing_enabled":true,"_links":{"self":[{"href":"https:\/\/radiocresatelital.com\/index.php?rest_route=\/wp\/v2\/posts\/51486","targetHints":{"allow":["GET"]}}],"collection":[{"href":"https:\/\/radiocresatelital.com\/index.php?rest_route=\/wp\/v2\/posts"}],"about":[{"href":"https:\/\/radiocresatelital.com\/index.php?rest_route=\/wp\/v2\/types\/post"}],"author":[{"embeddable":true,"href":"https:\/\/radiocresatelital.com\/index.php?rest_route=\/wp\/v2\/users\/2"}],"replies":[{"embeddable":true,"href":"https:\/\/radiocresatelital.com\/index.php?rest_route=%2Fwp%2Fv2%2Fcomments&post=51486"}],"version-history":[{"count":1,"href":"https:\/\/radiocresatelital.com\/index.php?rest_route=\/wp\/v2\/posts\/51486\/revisions"}],"predecessor-version":[{"id":51488,"href":"https:\/\/radiocresatelital.com\/index.php?rest_route=\/wp\/v2\/posts\/51486\/revisions\/51488"}],"wp:featuredmedia":[{"embeddable":true,"href":"https:\/\/radiocresatelital.com\/index.php?rest_route=\/wp\/v2\/media\/51487"}],"wp:attachment":[{"href":"https:\/\/radiocresatelital.com\/index.php?rest_route=%2Fwp%2Fv2%2Fmedia&parent=51486"}],"wp:term":[{"taxonomy":"category","embeddable":true,"href":"https:\/\/radiocresatelital.com\/index.php?rest_route=%2Fwp%2Fv2%2Fcategories&post=51486"},{"taxonomy":"post_tag","embeddable":true,"href":"https:\/\/radiocresatelital.com\/index.php?rest_route=%2Fwp%2Fv2%2Ftags&post=51486"}],"curies":[{"name":"wp","href":"https:\/\/api.w.org\/{rel}","templated":true}]}}