{"id":51479,"date":"2026-04-28T21:37:24","date_gmt":"2026-04-28T21:37:24","guid":{"rendered":"https:\/\/radiocresatelital.com\/?p=51479"},"modified":"2026-04-28T21:37:24","modified_gmt":"2026-04-28T21:37:24","slug":"partidazo-psg-con-minima-ventaja-derroto-a-bayer-munich-por-liga-de-campeones","status":"publish","type":"post","link":"https:\/\/radiocresatelital.com\/?p=51479","title":{"rendered":"PARTIDAZO, PSG con m\u00ednima ventaja derrot\u00f3 a Bayer M\u00fanich por Liga de Campeones"},"content":{"rendered":"<p class=\"ssrcss-1q0x1qg-Paragraph e1jhz7w10\"><span dir=\"auto\">Par\u00eds.- El Paris Saint-Germain ha logrado un triunfo complicado ante Bayer M\u00fanich por pizarra de 5 goles a 4 en el Parque de los Pr\u00edncipes, consiguiendo as\u00ed una m\u00ednima ventaja en su semifinal de la Liga de Campeones.<\/span><\/p>\n<p class=\"ssrcss-1q0x1qg-Paragraph e1jhz7w10\"><span dir=\"auto\">En una primera parte trepidante se marcaron cinco goles antes de que el caos continuara en la segunda mitad, cuando el vigente campe\u00f3n, el PSG, empez\u00f3 a distanciarse, consiguiendo una ventaja de tres goles.<\/span><\/p>\n<p class=\"ssrcss-1q0x1qg-Paragraph e1jhz7w10\"><span dir=\"auto\">Pero el Bayern, ya proclamado campe\u00f3n de la Bundesliga y luchando por el triplete, redujo la desventaja a un solo gol, preparando as\u00ed un emocionante partido de vuelta en M\u00fanich.<\/span><\/p>\n<p class=\"ssrcss-1q0x1qg-Paragraph e1jhz7w10\"><span dir=\"auto\">Al ser los dos equipos con mayor puntuaci\u00f3n en la competici\u00f3n de este a\u00f1o, era l\u00f3gico que el p\u00fablico, entusiasmado, pudiera disfrutar de una exhibici\u00f3n tan impresionante de talento ofensivo en un encuentro de gran calidad.<\/span><\/p>\n<p class=\"ssrcss-1q0x1qg-Paragraph e1jhz7w10\"><span dir=\"auto\">Tras verse por debajo en el marcador por el penalti transformado por Harry Kane despu\u00e9s de que Luis D\u00edaz provocara una falta de William Pacho, el PSG demostr\u00f3 su potencial para adelantarse en el marcador.<\/span><\/p>\n<p class=\"ssrcss-1q0x1qg-Paragraph e1jhz7w10\"><span dir=\"auto\">Khvicha Kvaratskhelia recogi\u00f3 el bal\u00f3n por la banda izquierda y recort\u00f3 hacia su pie derecho para dirigir magn\u00edficamente un disparo al \u00e1ngulo inferior m\u00e1s alejado, antes de que un cabezazo de Joao Neves diera la ventaja a los vigentes campeones.<\/span><\/p>\n<p class=\"ssrcss-1q0x1qg-Paragraph e1jhz7w10\"><span dir=\"auto\">Pero un momento de genialidad individual de Michael Olise, que regate\u00f3 a varios jugadores antes de rematar con fuerza el bal\u00f3n superando a Matvey Safonov, permiti\u00f3 a los visitantes igualar el marcador.<\/span><\/p>\n<p class=\"ssrcss-1q0x1qg-Paragraph e1jhz7w10\"><span dir=\"auto\">Todo parec\u00eda indicar que la primera parte, de gran intensidad, terminar\u00eda en empate al descanso, pero el PSG recibi\u00f3 un penalti pol\u00e9mico en el quinto minuto del tiempo a\u00f1adido cuando se consider\u00f3 que Alphonso Davies hab\u00eda tocado el bal\u00f3n con la mano dentro del \u00e1rea.<\/span><\/p>\n<p><img decoding=\"async\" src=\"https:\/\/ichef.bbci.co.uk\/ace\/standard\/3840\/cpsprodpb\/e1a1\/live\/1e6ae320-4342-11f1-ac31-67f7e9c4da73.jpg\" alt=\"Ousmane Demb\u00e9l\u00e9 celebra con el PSG.\" \/><\/p>\n<p class=\"ssrcss-1q0x1qg-Paragraph e1jhz7w10\"><span dir=\"auto\">El \u00e1rbitro Sandro Scharer fue enviado al monitor y, posteriormente, se le concedi\u00f3 lo que parec\u00eda ser un penalti riguroso; el bal\u00f3n rebot\u00f3 en la pierna de Davies y le dio en el brazo antes de que Ousmane Demb\u00e9l\u00e9 lo transformara con tranquilidad.<\/span><\/p>\n<p class=\"ssrcss-1q0x1qg-Paragraph e1jhz7w10\"><span dir=\"auto\">El Bayern regres\u00f3 del par\u00f3n decidido a, al menos, igualar el marcador, pero en ocasiones se mostr\u00f3 ingenuo cuando el equipo franc\u00e9s tom\u00f3 el control.<\/span><\/p>\n<p class=\"ssrcss-1q0x1qg-Paragraph e1jhz7w10\"><span dir=\"auto\">Kvaratskhelia transform\u00f3 un peligroso pase de Achraf Hakimi antes de que Dembele anotara su segundo gol en el primer palo, dando a los locales una ventaja de tres goles.<\/span><\/p>\n<p class=\"ssrcss-1q0x1qg-Paragraph e1jhz7w10\"><span dir=\"auto\">El remate de tac\u00f3n de Dayot Upamecano seis minutos despu\u00e9s solo sirvi\u00f3 de consuelo, pero el gol de D\u00edaz al palo m\u00e1s lejano tras un brillante pase de Kane asegur\u00f3 que el Bayern siga en la eliminatoria, cuyo partido de vuelta se disputar\u00e1 el mi\u00e9rcoles 6 de mayo.<\/span><\/p>\n<p class=\"ssrcss-1q0x1qg-Paragraph e1jhz7w10\"><span dir=\"auto\">Los ganadores se enfrentar\u00e1n al Arsenal o al Atl\u00e9tico de Madrid, que juegan la semifinal del mi\u00e9rcoles, en la final que se disputar\u00e1 en Budapest.<\/span><\/p>\n","protected":false},"excerpt":{"rendered":"<p>Par\u00eds.- El Paris Saint-Germain ha logrado un triunfo complicado ante Bayer M\u00fanich por pizarra de 5 goles a 4 en el Parque de los Pr\u00edncipes, consiguiendo as\u00ed una m\u00ednima ventaja en su semifinal de la Liga de Campeones. En una primera parte trepidante se marcaron cinco goles antes de que el caos continuara en la [&hellip;]<\/p>\n","protected":false},"author":2,"featured_media":51481,"comment_status":"open","ping_status":"closed","sticky":false,"template":"","format":"standard","meta":{"_jetpack_memberships_contains_paid_content":false,"footnotes":""},"categories":[7],"tags":[2153,673,355],"class_list":["post-51479","post","type-post","status-publish","format-standard","has-post-thumbnail","hentry","category-futbol-internacional","tag-bayer-munich","tag-liga-de-campeones","tag-psg"],"jetpack_featured_media_url":"https:\/\/radiocresatelital.com\/wp-content\/uploads\/2026\/04\/paris-saint-germain-v-fc-bayern-munchen-uefa-champions-league-2025-26-semi-final-first-leg-4-1.jpg","jetpack_sharing_enabled":true,"_links":{"self":[{"href":"https:\/\/radiocresatelital.com\/index.php?rest_route=\/wp\/v2\/posts\/51479","targetHints":{"allow":["GET"]}}],"collection":[{"href":"https:\/\/radiocresatelital.com\/index.php?rest_route=\/wp\/v2\/posts"}],"about":[{"href":"https:\/\/radiocresatelital.com\/index.php?rest_route=\/wp\/v2\/types\/post"}],"author":[{"embeddable":true,"href":"https:\/\/radiocresatelital.com\/index.php?rest_route=\/wp\/v2\/users\/2"}],"replies":[{"embeddable":true,"href":"https:\/\/radiocresatelital.com\/index.php?rest_route=%2Fwp%2Fv2%2Fcomments&post=51479"}],"version-history":[{"count":1,"href":"https:\/\/radiocresatelital.com\/index.php?rest_route=\/wp\/v2\/posts\/51479\/revisions"}],"predecessor-version":[{"id":51482,"href":"https:\/\/radiocresatelital.com\/index.php?rest_route=\/wp\/v2\/posts\/51479\/revisions\/51482"}],"wp:featuredmedia":[{"embeddable":true,"href":"https:\/\/radiocresatelital.com\/index.php?rest_route=\/wp\/v2\/media\/51481"}],"wp:attachment":[{"href":"https:\/\/radiocresatelital.com\/index.php?rest_route=%2Fwp%2Fv2%2Fmedia&parent=51479"}],"wp:term":[{"taxonomy":"category","embeddable":true,"href":"https:\/\/radiocresatelital.com\/index.php?rest_route=%2Fwp%2Fv2%2Fcategories&post=51479"},{"taxonomy":"post_tag","embeddable":true,"href":"https:\/\/radiocresatelital.com\/index.php?rest_route=%2Fwp%2Fv2%2Ftags&post=51479"}],"curies":[{"name":"wp","href":"https:\/\/api.w.org\/{rel}","templated":true}]}}