{"id":51468,"date":"2026-04-28T17:21:15","date_gmt":"2026-04-28T17:21:15","guid":{"rendered":"https:\/\/radiocresatelital.com\/?p=51468"},"modified":"2026-04-28T21:43:45","modified_gmt":"2026-04-28T21:43:45","slug":"51468","status":"publish","type":"post","link":"https:\/\/radiocresatelital.com\/?p=51468","title":{"rendered":"Renault diversifica sus fuentes de veh\u00edculos para potenciar su portafolio"},"content":{"rendered":"<p>Quito.- La pr\u00f3xima entrada en vigencia del Acuerdo Estrat\u00e9gico de Cooperaci\u00f3n Econ\u00f3mica entre Ecuador y Corea del Sur (SECA) marca un punto de inflexi\u00f3n para la industria automotriz nacional. Tras la aprobaci\u00f3n del informe por parte de la Asamblea Nacional el pasado 14 de abril, el convenio prev\u00e9 una reducci\u00f3n progresiva de aranceles \u2014actualmente de hasta el 40%\u2014 que podr\u00edan llegar a 0% en quince a\u00f1os.<\/p>\n<p>En este contexto, Renault se proyecta como una de las marcas mejor posicionadas para capitalizar esta apertura, gracias a su presencia industrial en Corea del Sur y su estrategia global de diversificaci\u00f3n de fuentes de producci\u00f3n. Con m\u00e1s de 120 a\u00f1os de trayectoria y presencia en m\u00e1s de 130 pa\u00edses, la marca cuenta con una s\u00f3lida red internacional que incluye Corea del Sur como un hub clave de desarrollo y manufactura de veh\u00edculos con altos est\u00e1ndares tecnol\u00f3gicos.<\/p>\n<p>El acuerdo no solo representa una oportunidad para optimizar costos, sino tambi\u00e9n para acelerar la introducci\u00f3n de tecnolog\u00edas m\u00e1s eficientes, especialmente en el segmento h\u00edbrido, donde Renault ya tiene presencia en el pa\u00eds con modelos como Arkana Hybrid y Koleos Full Hybrid E-Tech. Esta capacidad permitir\u00e1 a Renault continuar ampliando su portafolio en Ecuador con modelos m\u00e1s competitivos, innovadores y alineados a las nuevas demandas del mercado.<\/p>\n<p>\u201cEste acuerdo abre una nueva etapa para la industria y para los consumidores. En Renault estamos preparados para dar un salto en nuestra oferta, incorporando nuevas alternativas que combinan tecnolog\u00eda, eficiencia y accesibilidad. Creemos firmemente que la apertura comercial impulsa el desarrollo del mercado y acerca al pa\u00eds a las tendencias globales de movilidad\u201d, se\u00f1al\u00f3 Pablo Ubidia, Director de Renault Ecuador.<\/p>\n<p>De cara al futuro, Renault reafirma su compromiso con el pa\u00eds, apostando por una estrategia de crecimiento sostenible que permitir\u00e1 democratizar el acceso a nuevas tecnolog\u00edas y fortalecer el dinamismo del sector automotor ecuatoriano.<\/p>\n","protected":false},"excerpt":{"rendered":"<p>Quito.- La pr\u00f3xima entrada en vigencia del Acuerdo Estrat\u00e9gico de Cooperaci\u00f3n Econ\u00f3mica entre Ecuador y Corea del Sur (SECA) marca un punto de inflexi\u00f3n para la industria automotriz nacional. Tras la aprobaci\u00f3n del informe por parte de la Asamblea Nacional el pasado 14 de abril, el convenio prev\u00e9 una reducci\u00f3n progresiva de aranceles \u2014actualmente de [&hellip;]<\/p>\n","protected":false},"author":2,"featured_media":51469,"comment_status":"open","ping_status":"closed","sticky":false,"template":"","format":"standard","meta":{"_jetpack_memberships_contains_paid_content":false,"footnotes":""},"categories":[2725],"tags":[8498,3711],"class_list":["post-51468","post","type-post","status-publish","format-standard","has-post-thumbnail","hentry","category-automotriz","tag-acuerdo-estrategico-de-cooperacion-economica-entre-ecuador-y-corea-del-sur","tag-renault"],"jetpack_featured_media_url":"https:\/\/radiocresatelital.com\/wp-content\/uploads\/2026\/04\/WhatsApp-Image-2026-04-28-at-11.54.51.jpeg","jetpack_sharing_enabled":true,"_links":{"self":[{"href":"https:\/\/radiocresatelital.com\/index.php?rest_route=\/wp\/v2\/posts\/51468","targetHints":{"allow":["GET"]}}],"collection":[{"href":"https:\/\/radiocresatelital.com\/index.php?rest_route=\/wp\/v2\/posts"}],"about":[{"href":"https:\/\/radiocresatelital.com\/index.php?rest_route=\/wp\/v2\/types\/post"}],"author":[{"embeddable":true,"href":"https:\/\/radiocresatelital.com\/index.php?rest_route=\/wp\/v2\/users\/2"}],"replies":[{"embeddable":true,"href":"https:\/\/radiocresatelital.com\/index.php?rest_route=%2Fwp%2Fv2%2Fcomments&post=51468"}],"version-history":[{"count":2,"href":"https:\/\/radiocresatelital.com\/index.php?rest_route=\/wp\/v2\/posts\/51468\/revisions"}],"predecessor-version":[{"id":51471,"href":"https:\/\/radiocresatelital.com\/index.php?rest_route=\/wp\/v2\/posts\/51468\/revisions\/51471"}],"wp:featuredmedia":[{"embeddable":true,"href":"https:\/\/radiocresatelital.com\/index.php?rest_route=\/wp\/v2\/media\/51469"}],"wp:attachment":[{"href":"https:\/\/radiocresatelital.com\/index.php?rest_route=%2Fwp%2Fv2%2Fmedia&parent=51468"}],"wp:term":[{"taxonomy":"category","embeddable":true,"href":"https:\/\/radiocresatelital.com\/index.php?rest_route=%2Fwp%2Fv2%2Fcategories&post=51468"},{"taxonomy":"post_tag","embeddable":true,"href":"https:\/\/radiocresatelital.com\/index.php?rest_route=%2Fwp%2Fv2%2Ftags&post=51468"}],"curies":[{"name":"wp","href":"https:\/\/api.w.org\/{rel}","templated":true}]}}