{"id":51462,"date":"2026-04-28T21:12:43","date_gmt":"2026-04-28T21:12:43","guid":{"rendered":"https:\/\/radiocresatelital.com\/?p=51462"},"modified":"2026-04-28T21:12:43","modified_gmt":"2026-04-28T21:12:43","slug":"gobierno-del-presidente-daniel-noboa-impulsa-la-apertura-de-mercados-y-posiciona-las-flores-ecuatorianas-en-corea-del-sur","status":"publish","type":"post","link":"https:\/\/radiocresatelital.com\/?p=51462","title":{"rendered":"Gobierno del Presidente Daniel Noboa impulsa la apertura de mercados y posiciona las flores ecuatorianas en Corea del Sur"},"content":{"rendered":"<p>Quito.- El Ministerio de Producci\u00f3n, Comercio Exterior e Inversiones, a trav\u00e9s de la Oficina Comercial de PRO ECUADOR en la Rep\u00fablica de Corea, tuvo una destacada participaci\u00f3n en la Feria Internacional de Flores de Goyang 2026, uno de los encuentros m\u00e1s representativos del sector flor\u00edcola en Asia, consolidando un espacio de alto valor para la promoci\u00f3n de la oferta exportable ecuatoriana en este competitivo mercado.<\/p>\n<p>En esta edici\u00f3n, las empresas ecuatorianas Ceres Farm, Laila Flower, Agrivaldani y Hacienda Santa Fe exhibieron una exclusiva selecci\u00f3n de flores, cuya calidad, variedad, frescura y presentaci\u00f3n evidenciaron el prestigio que distingue a la flor ecuatoriana a nivel internacional. La presencia de Ecuador en esta importante plataforma comercial permiti\u00f3 proyectar la imagen del pa\u00eds como un proveedor confiable de productos premium, capaces de responder a las exigencias de los consumidores asi\u00e1ticos.<\/p>\n<p>Durante este encuentro, la Consejera Comercial de PRO ECUADOR en Se\u00fal, Gianella Giler destac\u00f3 que, uno de los principales hitos de esta participaci\u00f3n fue la consolidaci\u00f3n de nuevos acercamientos comerciales con importadores y distribuidores del mercado surcoreano, que derivaron en acuerdos concretos de exportaci\u00f3n, marcando un avance significativo en el fortalecimiento de la presencia de las flores ecuatorianas en Corea del Sur.<\/p>\n<p>Este resultado representa un paso importante en la estrategia de diversificaci\u00f3n de mercados impulsada por el pa\u00eds y reafirma el posicionamiento del Ecuador como referente mundial en la industria flor\u00edcola.<\/p>\n<p>Asimismo, la participaci\u00f3n en esta feria no solo permiti\u00f3 generar nuevas oportunidades de negocio, sino tambi\u00e9n fortalecer la relaci\u00f3n institucional, turismo y comercial entre Ecuador y la Rep\u00fablica de Corea, abriendo nuevas perspectivas para el crecimiento sostenido del sector flor\u00edcola ecuatoriano en el continente asi\u00e1tico.<\/p>\n<p>Con esta participaci\u00f3n en la Feria Internacional de Flores de Goyang, el Gobierno del presidente Daniel Noboa ratifica su compromiso de abrir nuevos mercados, fortalecer las exportaciones y generar m\u00e1s oportunidades para los productores y exportadores flor\u00edcolas ecuatorianos, impulsando una econom\u00eda m\u00e1s competitiva y sostenible para El Nuevo Ecuador.<\/p>\n","protected":false},"excerpt":{"rendered":"<p>Quito.- El Ministerio de Producci\u00f3n, Comercio Exterior e Inversiones, a trav\u00e9s de la Oficina Comercial de PRO ECUADOR en la Rep\u00fablica de Corea, tuvo una destacada participaci\u00f3n en la Feria Internacional de Flores de Goyang 2026, uno de los encuentros m\u00e1s representativos del sector flor\u00edcola en Asia, consolidando un espacio de alto valor para la [&hellip;]<\/p>\n","protected":false},"author":2,"featured_media":51463,"comment_status":"open","ping_status":"closed","sticky":false,"template":"","format":"standard","meta":{"_jetpack_memberships_contains_paid_content":false,"footnotes":""},"categories":[13],"tags":[8496,8497],"class_list":["post-51462","post","type-post","status-publish","format-standard","has-post-thumbnail","hentry","category-noticias-nacionales","tag-feria-internacional-de-flores-de-goyang-2026","tag-ministerio-de-produccion-comercio-exterior-e-inversiones"],"jetpack_featured_media_url":"https:\/\/radiocresatelital.com\/wp-content\/uploads\/2026\/04\/WhatsApp-Image-2026-04-28-at-08.58.29.jpeg","jetpack_sharing_enabled":true,"_links":{"self":[{"href":"https:\/\/radiocresatelital.com\/index.php?rest_route=\/wp\/v2\/posts\/51462","targetHints":{"allow":["GET"]}}],"collection":[{"href":"https:\/\/radiocresatelital.com\/index.php?rest_route=\/wp\/v2\/posts"}],"about":[{"href":"https:\/\/radiocresatelital.com\/index.php?rest_route=\/wp\/v2\/types\/post"}],"author":[{"embeddable":true,"href":"https:\/\/radiocresatelital.com\/index.php?rest_route=\/wp\/v2\/users\/2"}],"replies":[{"embeddable":true,"href":"https:\/\/radiocresatelital.com\/index.php?rest_route=%2Fwp%2Fv2%2Fcomments&post=51462"}],"version-history":[{"count":1,"href":"https:\/\/radiocresatelital.com\/index.php?rest_route=\/wp\/v2\/posts\/51462\/revisions"}],"predecessor-version":[{"id":51464,"href":"https:\/\/radiocresatelital.com\/index.php?rest_route=\/wp\/v2\/posts\/51462\/revisions\/51464"}],"wp:featuredmedia":[{"embeddable":true,"href":"https:\/\/radiocresatelital.com\/index.php?rest_route=\/wp\/v2\/media\/51463"}],"wp:attachment":[{"href":"https:\/\/radiocresatelital.com\/index.php?rest_route=%2Fwp%2Fv2%2Fmedia&parent=51462"}],"wp:term":[{"taxonomy":"category","embeddable":true,"href":"https:\/\/radiocresatelital.com\/index.php?rest_route=%2Fwp%2Fv2%2Fcategories&post=51462"},{"taxonomy":"post_tag","embeddable":true,"href":"https:\/\/radiocresatelital.com\/index.php?rest_route=%2Fwp%2Fv2%2Ftags&post=51462"}],"curies":[{"name":"wp","href":"https:\/\/api.w.org\/{rel}","templated":true}]}}