{"id":51459,"date":"2026-04-28T21:08:43","date_gmt":"2026-04-28T21:08:43","guid":{"rendered":"https:\/\/radiocresatelital.com\/?p=51459"},"modified":"2026-04-28T21:08:43","modified_gmt":"2026-04-28T21:08:43","slug":"carlos-encalada-recorrio-los-cantones-isidro-ayora-pedro-carbo-y-lomas-de-sargentillo-aqui-estamos-escuchando-y-trabajando-juntos-por-soluciones-reales","status":"publish","type":"post","link":"https:\/\/radiocresatelital.com\/?p=51459","title":{"rendered":"Carlos Encalada recorri\u00f3 los cantones Isidro Ayora, Pedro Carbo y Lomas de Sargentillo: \u201cAqu\u00ed estamos, escuchando y trabajando juntos por soluciones reales\u201d"},"content":{"rendered":"<p>Guayaquil.- Como parte de una agenda estrat\u00e9gica, el Viceprefecto del Guayas, Carlos Encalada, sostuvo reuniones de trabajo con los alcaldes Nery Jaramillo de Pedro Carbo, Isidro Mor\u00e1n de Lomas de Sargentillo y Luis Vargas de Isidro Ayora. M\u00e1s all\u00e1 de una visita protocolaria, el recorrido por varios cantones de la provincia, marca una l\u00ednea de acci\u00f3n clara con decisiones en territorio, coordinaci\u00f3n efectiva y respuestas inmediatas a los problemas que afectan a la gente.<\/p>\n<p>\u201cVenimos a coordinar y a resolver. Aqu\u00ed estamos, escuchando y trabajando juntos por soluciones reales\u201d destac\u00f3 el viceprefecto Carlos Encalada.<\/p>\n<p>En cada cant\u00f3n, las autoridades priorizaron acciones concretas en temas urgentes como el mejoramiento vial rural, el impulso a los sectores productivos, el fortalecimiento de las zonas agr\u00edcolas y acu\u00edcolas, y la planificaci\u00f3n t\u00e9cnica como base para resultados sostenibles.<\/p>\n<p>Los alcaldes coincidieron en que este nivel de articulaci\u00f3n permite acelerar respuestas y ejecutar soluciones sin retrasos, enfoc\u00e1ndose en lo que realmente necesita la ciudadan\u00eda.<\/p>\n<p>Este despliegue territorial reafirma una forma de hacer gesti\u00f3n y pone en primer plano la acci\u00f3n, la presencia y el compromiso real con la gente. La Prefectura del Guayas, a trav\u00e9s de su Viceprefectura, contin\u00faa consolidando un trabajo conjunto con los gobiernos locales, demostrando que cuando hay decisi\u00f3n, los resultados llegan.<\/p>\n","protected":false},"excerpt":{"rendered":"<p>Guayaquil.- Como parte de una agenda estrat\u00e9gica, el Viceprefecto del Guayas, Carlos Encalada, sostuvo reuniones de trabajo con los alcaldes Nery Jaramillo de Pedro Carbo, Isidro Mor\u00e1n de Lomas de Sargentillo y Luis Vargas de Isidro Ayora. M\u00e1s all\u00e1 de una visita protocolaria, el recorrido por varios cantones de la provincia, marca una l\u00ednea de [&hellip;]<\/p>\n","protected":false},"author":2,"featured_media":51460,"comment_status":"open","ping_status":"closed","sticky":false,"template":"","format":"standard","meta":{"_jetpack_memberships_contains_paid_content":false,"footnotes":""},"categories":[13],"tags":[8495],"class_list":["post-51459","post","type-post","status-publish","format-standard","has-post-thumbnail","hentry","category-noticias-nacionales","tag-viceprefecto-del-guayas-carlos-encalada"],"jetpack_featured_media_url":"https:\/\/radiocresatelital.com\/wp-content\/uploads\/2026\/04\/WhatsApp-Image-2026-04-28-at-15.57.25.jpeg","jetpack_sharing_enabled":true,"_links":{"self":[{"href":"https:\/\/radiocresatelital.com\/index.php?rest_route=\/wp\/v2\/posts\/51459","targetHints":{"allow":["GET"]}}],"collection":[{"href":"https:\/\/radiocresatelital.com\/index.php?rest_route=\/wp\/v2\/posts"}],"about":[{"href":"https:\/\/radiocresatelital.com\/index.php?rest_route=\/wp\/v2\/types\/post"}],"author":[{"embeddable":true,"href":"https:\/\/radiocresatelital.com\/index.php?rest_route=\/wp\/v2\/users\/2"}],"replies":[{"embeddable":true,"href":"https:\/\/radiocresatelital.com\/index.php?rest_route=%2Fwp%2Fv2%2Fcomments&post=51459"}],"version-history":[{"count":1,"href":"https:\/\/radiocresatelital.com\/index.php?rest_route=\/wp\/v2\/posts\/51459\/revisions"}],"predecessor-version":[{"id":51461,"href":"https:\/\/radiocresatelital.com\/index.php?rest_route=\/wp\/v2\/posts\/51459\/revisions\/51461"}],"wp:featuredmedia":[{"embeddable":true,"href":"https:\/\/radiocresatelital.com\/index.php?rest_route=\/wp\/v2\/media\/51460"}],"wp:attachment":[{"href":"https:\/\/radiocresatelital.com\/index.php?rest_route=%2Fwp%2Fv2%2Fmedia&parent=51459"}],"wp:term":[{"taxonomy":"category","embeddable":true,"href":"https:\/\/radiocresatelital.com\/index.php?rest_route=%2Fwp%2Fv2%2Fcategories&post=51459"},{"taxonomy":"post_tag","embeddable":true,"href":"https:\/\/radiocresatelital.com\/index.php?rest_route=%2Fwp%2Fv2%2Ftags&post=51459"}],"curies":[{"name":"wp","href":"https:\/\/api.w.org\/{rel}","templated":true}]}}