{"id":51449,"date":"2026-04-28T20:25:51","date_gmt":"2026-04-28T20:25:51","guid":{"rendered":"https:\/\/radiocresatelital.com\/?p=51449"},"modified":"2026-04-28T20:26:07","modified_gmt":"2026-04-28T20:26:07","slug":"medallistas-de-panama-2026-compartieron-sus-logros","status":"publish","type":"post","link":"https:\/\/radiocresatelital.com\/?p=51449","title":{"rendered":"Medallistas de Panam\u00e1 2026 compartieron sus logros"},"content":{"rendered":"<p>Guayaquil.- Varios de los medallistas nacionales que nos llenaron de orgullo en IV Juegos Suramericanos de la Juventud Panam\u00e1 2026 se dieron cita este martes 28 de abril en el auditorio del Comit\u00e9 Ol\u00edmpico Ecuatoriano, donde compartieron con la prensa la experiencia que les dej\u00f3 este evento multideportivo juvenil, que marca el inicio para la futura generaci\u00f3n del deporte ol\u00edmpico.<\/p>\n<p>El presidente del Comit\u00e9 Ol\u00edmpico Ecuatoriano Jorge Delgado Panchana destac\u00f3 el coraje y el esfuerzo de nuestros guerreros para sortear los obst\u00e1culos y ser parte de esta delegaci\u00f3n, aunque con limitantes, \u2014ya que su participaci\u00f3n fue gracias al financiamiento privado\u2014, se pudieron superar las expectativas para convertirse en la mejor participaci\u00f3n de los \u00faltimos nueve a\u00f1os con: 15 medallas de oro, 28 de plata y 21 de bronce.<\/p>\n<p>El Jefe de Misi\u00f3n del Team Ecuador en Panam\u00e1 2026 y vicepresidente del COE Jefferson P\u00e9rez destac\u00f3 la brillante actuaci\u00f3n de nuestros medallistas, al tiempo que pidi\u00f3 al pa\u00eds que no los abandonen, ya que ellos son la nueva generaci\u00f3n que nos representar\u00e1 en los pr\u00f3ximos eventos del Ciclo Ol\u00edmpico.<\/p>\n<p>\u201cHago este llamado p\u00fablico, este llamado a las autoridades, a la dirigencia, a la empresa privada. Es la \u00fanica manera de salir adelante\u201d, dijo Jefferson P\u00e9rez. \u201cNuestro pa\u00eds no puede abandonar a nuestros deportistas, no debe abandonarlos\u201d.<\/p>\n<p><img decoding=\"async\" src=\"https:\/\/coe.org.ec\/wp-content\/uploads\/2026\/04\/55235587657_6b9278ce4c_k.jpg\" alt=\"55235587657_6b9278ce4c_k\" \/><\/p>\n<p>\u201cNo creo que no estemos en un pa\u00eds en el que no tengamos recursos econ\u00f3micos, es momento de dejar el egocentrismo a un lado\u201d, insisti\u00f3 el primer campe\u00f3n ol\u00edmpico del pa\u00eds.<\/p>\n<p>El gimnasta Domenick Godoy, m\u00e1ximo medallista en Panam\u00e1 2026, con tres medallas de oro y una de bronce, expres\u00f3 la satisfacci\u00f3n que fue representar con orgullo los colores del pa\u00eds, y fue el encargado de entregar la Antorcha de Panam\u00e1 2026 que permanecer\u00e1 en el Museo Ol\u00edmpico Alberto Jarr\u00edn Jaramillo como parte de nuestra historia.<\/p>\n<p>\u201cEsto es solo el comienzo de un camino de \u00e9xitos. \u00a1\u00a1Arriba el deporte ecuatoriano!!\u201d, se\u00f1al\u00f3 Godoy.<\/p>\n<p>En la rueda de prensa estuvieron adem\u00e1s la karateca Katherin Perea, medallista de oro kumite -59 kg; Ernesto Carabal\u00ed, bronce en salto alto; Juan Garc\u00e9s, bronce en boxeo 90 kg; el pesista Alan Braulio, plata en 98 kg; el luchador Cristhian Cevallos, bronce 45 kg estilo libre; el mesotenista Juan Gonz\u00e1lez, bronce en individual masculino; y los gimnastas Josu\u00e9 Peralta, plata en barra fija, y Esteban Cerna, bronce en salto, y bronce en equipos masculino.<\/p>\n","protected":false},"excerpt":{"rendered":"<p>Guayaquil.- Varios de los medallistas nacionales que nos llenaron de orgullo en IV Juegos Suramericanos de la Juventud Panam\u00e1 2026 se dieron cita este martes 28 de abril en el auditorio del Comit\u00e9 Ol\u00edmpico Ecuatoriano, donde compartieron con la prensa la experiencia que les dej\u00f3 este evento multideportivo juvenil, que marca el inicio para la [&hellip;]<\/p>\n","protected":false},"author":2,"featured_media":51450,"comment_status":"open","ping_status":"closed","sticky":false,"template":"","format":"standard","meta":{"_jetpack_memberships_contains_paid_content":false,"footnotes":""},"categories":[9],"tags":[16,8232],"class_list":["post-51449","post","type-post","status-publish","format-standard","has-post-thumbnail","hentry","category-deportes","tag-comite-olimpico-ecuatoriano","tag-iv-juegos-suramericanos-de-la-juventud-panama-2026"],"jetpack_featured_media_url":"https:\/\/radiocresatelital.com\/wp-content\/uploads\/2026\/04\/55235583077_7bf954d617_k.jpg","jetpack_sharing_enabled":true,"_links":{"self":[{"href":"https:\/\/radiocresatelital.com\/index.php?rest_route=\/wp\/v2\/posts\/51449","targetHints":{"allow":["GET"]}}],"collection":[{"href":"https:\/\/radiocresatelital.com\/index.php?rest_route=\/wp\/v2\/posts"}],"about":[{"href":"https:\/\/radiocresatelital.com\/index.php?rest_route=\/wp\/v2\/types\/post"}],"author":[{"embeddable":true,"href":"https:\/\/radiocresatelital.com\/index.php?rest_route=\/wp\/v2\/users\/2"}],"replies":[{"embeddable":true,"href":"https:\/\/radiocresatelital.com\/index.php?rest_route=%2Fwp%2Fv2%2Fcomments&post=51449"}],"version-history":[{"count":2,"href":"https:\/\/radiocresatelital.com\/index.php?rest_route=\/wp\/v2\/posts\/51449\/revisions"}],"predecessor-version":[{"id":51452,"href":"https:\/\/radiocresatelital.com\/index.php?rest_route=\/wp\/v2\/posts\/51449\/revisions\/51452"}],"wp:featuredmedia":[{"embeddable":true,"href":"https:\/\/radiocresatelital.com\/index.php?rest_route=\/wp\/v2\/media\/51450"}],"wp:attachment":[{"href":"https:\/\/radiocresatelital.com\/index.php?rest_route=%2Fwp%2Fv2%2Fmedia&parent=51449"}],"wp:term":[{"taxonomy":"category","embeddable":true,"href":"https:\/\/radiocresatelital.com\/index.php?rest_route=%2Fwp%2Fv2%2Fcategories&post=51449"},{"taxonomy":"post_tag","embeddable":true,"href":"https:\/\/radiocresatelital.com\/index.php?rest_route=%2Fwp%2Fv2%2Ftags&post=51449"}],"curies":[{"name":"wp","href":"https:\/\/api.w.org\/{rel}","templated":true}]}}