{"id":51439,"date":"2026-04-28T20:12:44","date_gmt":"2026-04-28T20:12:44","guid":{"rendered":"https:\/\/radiocresatelital.com\/?p=51439"},"modified":"2026-04-28T20:12:44","modified_gmt":"2026-04-28T20:12:44","slug":"cfn-b-p-lidera-la-ruta-de-la-sostenibilidad-con-moviliza-te-transformando-la-electromovilidad-de-el-nuevo-ecuador","status":"publish","type":"post","link":"https:\/\/radiocresatelital.com\/?p=51439","title":{"rendered":"CFN B.P. lidera la ruta de la sostenibilidad con \u201cMoviliza-Te\u201d, transformando la electromovilidad de \u201cEl Nuevo Ecuador\u201d"},"content":{"rendered":"<p>Quito.- Reafirmando su compromiso con el desarrollo econ\u00f3mico y sostenible, la Corporaci\u00f3n Financiera Nacional (CFN B.P.) present\u00f3 su nuevo producto financiero \u201cMoviliza-TE\u201d, enfocado a personas naturales y jur\u00eddicas que tengan proyectos orientados a la implementaci\u00f3n de la movilidad el\u00e9ctrica en sus procesos operativos.<\/p>\n<p>Esta l\u00ednea de cr\u00e9dito, respaldada por el Banco Interamericano de Desarrollo (BID), canaliza recursos para la compra y comercializaci\u00f3n de veh\u00edculos el\u00e9ctricos, as\u00ed como para la implementaci\u00f3n de infraestructura de carga en todo el pa\u00eds con montos de financiamiento que van desde USD 5 mil hasta USD 1.5 millones.<\/p>\n<p>El lanzamiento oficial de \u201cMoviliza-TE\u201d se realiz\u00f3 en Guayaquil, durante la \u201cJornada de Electromovilidad: Innovaci\u00f3n y Financiamiento 2026\u201d, encuentro de alto nivel que reuni\u00f3 a autoridades, expertos y representantes del sector productivo financiero para analizar el avance y las oportunidades de la electromovilidad en Ecuador.<\/p>\n<p>A lo largo de la jornada se desarrollaron paneles especializados sobre temas como \u201cTransformaci\u00f3n el\u00e9ctrica y sostenible en el transporte p\u00fablico y privado\u201d, \u201cImpacto de la movilidad el\u00e9ctrica en el estilo de vida\u201d, \u201cLa electromovilidad en Ecuador: oportunidades y desaf\u00edos\u201d, \u201cIncremento del uso de veh\u00edculos el\u00e9ctricos\u201d y \u201cRetos y oportunidades para un futuro sostenible\u201d.<\/p>\n<p>M\u00e1s que presentar una nueva opci\u00f3n de cr\u00e9dito, el evento permiti\u00f3 consolidar un ecosistema colaborativo orientado a fortalecer la soberan\u00eda energ\u00e9tica nacional y a promover un modelo de desarrollo basado en la eficiencia y en el uso de energ\u00edas renovables.<\/p>\n<p>La CFN B.P. ha sido un actor clave en la promoci\u00f3n de la sostenibilidad, liderando proyectos pioneros para la movilidad el\u00e9ctrica en el pa\u00eds. \u201cMoviliza-TE\u201d se presenta como una respuesta estrat\u00e9gica para acelerar la descarbonizaci\u00f3n de la econom\u00eda y modernizar el parque automotor nacional.<\/p>\n<p>A trav\u00e9s del mecanismo de Segundo Piso, el producto ofrece condiciones competitivas lo que facilita que la banca privada traslade estos beneficios a proyectos vinculados de los sectores productivos con la movilidad el\u00e9ctrica.<\/p>\n<p>La incorporaci\u00f3n de tecnolog\u00edas limpias genera impactos positivos en m\u00faltiples \u00e1mbitos, tales como:<\/p>\n<p>\u2022 Mitigaci\u00f3n del cambio clim\u00e1tico: reducci\u00f3n de emisiones de CO2 y disminuci\u00f3n de la huella de carbono. \u2022 Eficiencia energ\u00e9tica y operativa: menor dependencia de combustibles f\u00f3siles y optimizaci\u00f3n de costos de mantenimiento vehicular.<br \/>\n\u2022 Dinamizaci\u00f3n de la econom\u00eda verde: impulso a nuevos modelos de negocio vinculados al ecosistema de movilidad el\u00e9ctrica.<br \/>\n\u2022 Salud p\u00fablica y bienestar: mejora de la calidad del aire y reducci\u00f3n de la contaminaci\u00f3n ac\u00fastica en centros urbanos.<\/p>\n<p>Alineada con las directrices del presidente Daniel Noboa, la Corporaci\u00f3n Financiera Nacional B.P. sienta las bases de una nueva era de movilidad eficiente y sostenible.<\/p>\n<p>De esta manera, el progreso econ\u00f3mico y la conciencia ecol\u00f3gica avanzan de la mano en \u201cEl Nuevo Ecuador\u201d, garantizando un legado de prosperidad para las futuras generaciones y la preservaci\u00f3n de la biodiversidad del pa\u00eds.<\/p>\n","protected":false},"excerpt":{"rendered":"<p>Quito.- Reafirmando su compromiso con el desarrollo econ\u00f3mico y sostenible, la Corporaci\u00f3n Financiera Nacional (CFN B.P.) present\u00f3 su nuevo producto financiero \u201cMoviliza-TE\u201d, enfocado a personas naturales y jur\u00eddicas que tengan proyectos orientados a la implementaci\u00f3n de la movilidad el\u00e9ctrica en sus procesos operativos. Esta l\u00ednea de cr\u00e9dito, respaldada por el Banco Interamericano de Desarrollo (BID), [&hellip;]<\/p>\n","protected":false},"author":2,"featured_media":51440,"comment_status":"open","ping_status":"closed","sticky":false,"template":"","format":"standard","meta":{"_jetpack_memberships_contains_paid_content":false,"footnotes":""},"categories":[13],"tags":[2092,1009,8492],"class_list":["post-51439","post","type-post","status-publish","format-standard","has-post-thumbnail","hentry","category-noticias-nacionales","tag-banco-interamericano-de-desarrollo","tag-corporacion-financiera-nacional","tag-moviliza-te"],"jetpack_featured_media_url":"https:\/\/radiocresatelital.com\/wp-content\/uploads\/2026\/04\/WhatsApp-Image-2026-04-28-at-11.24.44.jpeg","jetpack_sharing_enabled":true,"_links":{"self":[{"href":"https:\/\/radiocresatelital.com\/index.php?rest_route=\/wp\/v2\/posts\/51439","targetHints":{"allow":["GET"]}}],"collection":[{"href":"https:\/\/radiocresatelital.com\/index.php?rest_route=\/wp\/v2\/posts"}],"about":[{"href":"https:\/\/radiocresatelital.com\/index.php?rest_route=\/wp\/v2\/types\/post"}],"author":[{"embeddable":true,"href":"https:\/\/radiocresatelital.com\/index.php?rest_route=\/wp\/v2\/users\/2"}],"replies":[{"embeddable":true,"href":"https:\/\/radiocresatelital.com\/index.php?rest_route=%2Fwp%2Fv2%2Fcomments&post=51439"}],"version-history":[{"count":1,"href":"https:\/\/radiocresatelital.com\/index.php?rest_route=\/wp\/v2\/posts\/51439\/revisions"}],"predecessor-version":[{"id":51441,"href":"https:\/\/radiocresatelital.com\/index.php?rest_route=\/wp\/v2\/posts\/51439\/revisions\/51441"}],"wp:featuredmedia":[{"embeddable":true,"href":"https:\/\/radiocresatelital.com\/index.php?rest_route=\/wp\/v2\/media\/51440"}],"wp:attachment":[{"href":"https:\/\/radiocresatelital.com\/index.php?rest_route=%2Fwp%2Fv2%2Fmedia&parent=51439"}],"wp:term":[{"taxonomy":"category","embeddable":true,"href":"https:\/\/radiocresatelital.com\/index.php?rest_route=%2Fwp%2Fv2%2Fcategories&post=51439"},{"taxonomy":"post_tag","embeddable":true,"href":"https:\/\/radiocresatelital.com\/index.php?rest_route=%2Fwp%2Fv2%2Ftags&post=51439"}],"curies":[{"name":"wp","href":"https:\/\/api.w.org\/{rel}","templated":true}]}}