{"id":51436,"date":"2026-04-28T19:56:58","date_gmt":"2026-04-28T19:56:58","guid":{"rendered":"https:\/\/radiocresatelital.com\/?p=51436"},"modified":"2026-04-28T19:56:58","modified_gmt":"2026-04-28T19:56:58","slug":"guayaquil-se-saborea-en-sus-mercados-tradicion-sazon-y-cultura-en-cada-plato","status":"publish","type":"post","link":"https:\/\/radiocresatelital.com\/?p=51436","title":{"rendered":"Guayaquil se saborea en sus mercados: tradici\u00f3n, saz\u00f3n y cultura en cada plato"},"content":{"rendered":"<p>Guayaquil.- En la Perla del Pac\u00edfico, la tradici\u00f3n tambi\u00e9n se saborea. Entre pasillos llenos de historia, aromas intensos y recetas que han pasado de generaci\u00f3n en generaci\u00f3n, los Mercados Municipales se posicionan como aut\u00e9nticos epicentros de la gastronom\u00eda ecuatoriana. En estos espacios, el comercio diario convive con una oferta culinaria que atrae a propios y visitantes, consolidando una ruta donde el sabor es protagonista.<\/p>\n<p>Mariscos frescos, caldos tradicionales, desayunos contundentes y platos t\u00edpicos convierten a estos mercados en paradas obligatorias para quienes buscan experiencias aut\u00e9nticas. Cada rinc\u00f3n ofrece preparaciones que reflejan identidad, cultura y el trabajo de comerciantes que han perfeccionado su saz\u00f3n con los a\u00f1os.<\/p>\n<p>Uno de los puntos m\u00e1s representativos es el Mercado Oeste, ubicado en las calles Diez de Agosto y Lizardo Garc\u00eda. De sus 76 puestos, 10 est\u00e1n dedicados a la preparaci\u00f3n de alimentos, con una oferta centrada en productos del mar: corvina frita, sudado de pescado, camarones apanados, tortilla de camar\u00f3n y una variada selecci\u00f3n de ceviches.<\/p>\n<p>A esto se suman opciones a la carta como bistec de carne y pollo a la plancha, que ampl\u00edan las alternativas para los comensales. Pablo Torres, comerciante del mercado, recuerda que inici\u00f3 su actividad vendiendo conchas, hasta que decidi\u00f3 incursionar en la cocina y especializarse en ceviches de pescado y camar\u00f3n. \u201cAqu\u00ed viene mucha gente, sobre todo los fines de semana. Invito a toda la ciudadan\u00eda a disfrutar de la comida del mercado, atendemos de 08h00 a 15h00 locales (13h00 a 20h00 GMT)\u201d, comenta.<\/p>\n<p>En este mismo espacio, Ana Mar\u00eda Ochoa se ha ganado la preferencia de los clientes por la calidad de sus platos, especialmente su corvina frita y sudado de pescado. \u201cTambi\u00e9n ofrecemos camarones apanados, tortilla de camar\u00f3n, ceviche de camar\u00f3n, adem\u00e1s de bistec de carne y pollo a la plancha\u201d, mencion\u00f3.<\/p>\n<p>La ruta gastron\u00f3mica se extiende hacia el Mercado de Portete, ubicado en la calle 40 y Portete, junto al puente que conecta con la avenida Barcelona. En este punto, la tradici\u00f3n coste\u00f1a se expresa en platos como encebollado, corvina frita, sudado de picudo y albacora, arroz marinero, ceviche de concha y sango de camar\u00f3n o pescado.<\/p>\n<p>Llevo a\u00f1os viniendo. Recomiendo este lugar a todos, especialmente fines de semana y feriados, cuando el ambiente se llena de vida y sabor\u201d, indic\u00f3 \u00d3scar Rodr\u00edguez, quien destac\u00f3 el valor de estos espacios como parte de la vida cotidiana de la ciudad.<\/p>\n<p>En el norte, el Mercado de Sauces IX complementa esta oferta con desayunos t\u00edpicos, jugos naturales, batidos y preparaciones que combinan lo cotidiano con lo tradicional, ampliando la experiencia gastron\u00f3mica en distintos sectores de la ciudad.<\/p>\n<p>A esta ruta se suman otros mercados emblem\u00e1ticos que mantienen viva la cocina local: el Mercado Este, en G\u00f3mez Rend\u00f3n y Maldonado, reconocido por sus bolones y tigrillos; el Mercado de Jos\u00e9 Mascote, en Pedro Pablo G\u00f3mez y Jos\u00e9 Mascote, famoso por su caldo de gallina; el Mercado Central, en Clemente Ball\u00e9n y Seis de Marzo, donde destacan el horneado y el caldo de bagre; y el Mercado Jockey, en Jos\u00e9 de Antepara y Bolivia, conocido por sus papas con cuero.<\/p>\n<p>M\u00e1s que espacios de abastecimiento, los Mercados Municipales de Guayaquil son escenarios donde la cultura culinaria se preserva y se proyecta. Cada plato cuenta una historia, cada receta mantiene viva una tradici\u00f3n y cada visita se convierte en una experiencia que reafirma la identidad de la ciudad a trav\u00e9s de sus sabores.<\/p>\n","protected":false},"excerpt":{"rendered":"<p>Guayaquil.- En la Perla del Pac\u00edfico, la tradici\u00f3n tambi\u00e9n se saborea. Entre pasillos llenos de historia, aromas intensos y recetas que han pasado de generaci\u00f3n en generaci\u00f3n, los Mercados Municipales se posicionan como aut\u00e9nticos epicentros de la gastronom\u00eda ecuatoriana. En estos espacios, el comercio diario convive con una oferta culinaria que atrae a propios y [&hellip;]<\/p>\n","protected":false},"author":2,"featured_media":51437,"comment_status":"open","ping_status":"closed","sticky":false,"template":"","format":"standard","meta":{"_jetpack_memberships_contains_paid_content":false,"footnotes":""},"categories":[33,13],"tags":[8491],"class_list":["post-51436","post","type-post","status-publish","format-standard","has-post-thumbnail","hentry","category-guayaquil","category-noticias-nacionales","tag-mercados-municipales"],"jetpack_featured_media_url":"https:\/\/radiocresatelital.com\/wp-content\/uploads\/2026\/04\/Mercado-Oeste-3-scaled.jpg","jetpack_sharing_enabled":true,"_links":{"self":[{"href":"https:\/\/radiocresatelital.com\/index.php?rest_route=\/wp\/v2\/posts\/51436","targetHints":{"allow":["GET"]}}],"collection":[{"href":"https:\/\/radiocresatelital.com\/index.php?rest_route=\/wp\/v2\/posts"}],"about":[{"href":"https:\/\/radiocresatelital.com\/index.php?rest_route=\/wp\/v2\/types\/post"}],"author":[{"embeddable":true,"href":"https:\/\/radiocresatelital.com\/index.php?rest_route=\/wp\/v2\/users\/2"}],"replies":[{"embeddable":true,"href":"https:\/\/radiocresatelital.com\/index.php?rest_route=%2Fwp%2Fv2%2Fcomments&post=51436"}],"version-history":[{"count":1,"href":"https:\/\/radiocresatelital.com\/index.php?rest_route=\/wp\/v2\/posts\/51436\/revisions"}],"predecessor-version":[{"id":51438,"href":"https:\/\/radiocresatelital.com\/index.php?rest_route=\/wp\/v2\/posts\/51436\/revisions\/51438"}],"wp:featuredmedia":[{"embeddable":true,"href":"https:\/\/radiocresatelital.com\/index.php?rest_route=\/wp\/v2\/media\/51437"}],"wp:attachment":[{"href":"https:\/\/radiocresatelital.com\/index.php?rest_route=%2Fwp%2Fv2%2Fmedia&parent=51436"}],"wp:term":[{"taxonomy":"category","embeddable":true,"href":"https:\/\/radiocresatelital.com\/index.php?rest_route=%2Fwp%2Fv2%2Fcategories&post=51436"},{"taxonomy":"post_tag","embeddable":true,"href":"https:\/\/radiocresatelital.com\/index.php?rest_route=%2Fwp%2Fv2%2Ftags&post=51436"}],"curies":[{"name":"wp","href":"https:\/\/api.w.org\/{rel}","templated":true}]}}