{"id":51433,"date":"2026-04-28T19:49:00","date_gmt":"2026-04-28T19:49:00","guid":{"rendered":"https:\/\/radiocresatelital.com\/?p=51433"},"modified":"2026-04-28T19:49:00","modified_gmt":"2026-04-28T19:49:00","slug":"registro-civil-garantiza-atencion-de-inscripcion-de-defunciones-durante-el-feriado-por-el-dia-del-trabajador-en-25-agencias","status":"publish","type":"post","link":"https:\/\/radiocresatelital.com\/?p=51433","title":{"rendered":"Registro Civil garantiza atenci\u00f3n de inscripci\u00f3n de defunciones durante el feriado por el D\u00eda del Trabajador en 25 agencias"},"content":{"rendered":"<p>Quito.-\u00a0En el marco del feriado nacional por el D\u00eda del Trabajador, que se desarrollar\u00e1 del 30 de abril al 3 de mayo de 2026,\u00a0el Registro Civil del Ecuador informa a la ciudadan\u00eda que mantendr\u00e1 activo el servicio de inscripci\u00f3n de defunciones, reafirmando su compromiso de acompa\u00f1ar a las familias ecuatorianas, incluso, en los momentos m\u00e1s sensibles.<\/p>\n<p>A pesar de los d\u00edas de asueto, la instituci\u00f3n continuar\u00e1 brindando atenci\u00f3n oportuna y responsable, entendiendo que el registro de una defunci\u00f3n es un tr\u00e1mite fundamental que no puede postergarse. Para ello, se han dispuesto puntos habilitados a escala nacional, garantizando la cobertura del servicio durante los d\u00edas de descanso obligatorio.<\/p>\n<p>El Registro Civil recuerda a la ciudadan\u00eda que, para realizar la inscripci\u00f3n de una defunci\u00f3n, se deben presentar los siguientes requisitos:<\/p>\n<ul>\n<li>Certificado de defunci\u00f3n original, emitido por el m\u00e9dico tratante o la autoridad competente.<\/li>\n<li>Documento de identidad de la persona fallecida.<\/li>\n<li>Documento de identidad del declarante (familiar o persona responsable del tr\u00e1mite).<\/li>\n<\/ul>\n<p>El tr\u00e1mite no tiene costo si se realiza dentro de las primeras 48 horas posteriores al fallecimiento; pasado este tiempo, el valor es de $5,00.<\/p>\n<p>A continuaci\u00f3n, se detallan las agencias y horarios habilitados para esta atenci\u00f3n durante el feriado:<\/p>\n<p><img decoding=\"async\" src=\"https:\/\/www.registrocivil.gob.ec\/wp-content\/uploads\/2026\/04\/x.jpg\" \/><\/p>\n","protected":false},"excerpt":{"rendered":"<p>Quito.-\u00a0En el marco del feriado nacional por el D\u00eda del Trabajador, que se desarrollar\u00e1 del 30 de abril al 3 de mayo de 2026,\u00a0el Registro Civil del Ecuador informa a la ciudadan\u00eda que mantendr\u00e1 activo el servicio de inscripci\u00f3n de defunciones, reafirmando su compromiso de acompa\u00f1ar a las familias ecuatorianas, incluso, en los momentos m\u00e1s [&hellip;]<\/p>\n","protected":false},"author":2,"featured_media":51434,"comment_status":"open","ping_status":"closed","sticky":false,"template":"","format":"standard","meta":{"_jetpack_memberships_contains_paid_content":false,"footnotes":""},"categories":[13],"tags":[2111],"class_list":["post-51433","post","type-post","status-publish","format-standard","has-post-thumbnail","hentry","category-noticias-nacionales","tag-registro-civil-del-ecuador"],"jetpack_featured_media_url":"https:\/\/radiocresatelital.com\/wp-content\/uploads\/2026\/04\/agencia.webp","jetpack_sharing_enabled":true,"_links":{"self":[{"href":"https:\/\/radiocresatelital.com\/index.php?rest_route=\/wp\/v2\/posts\/51433","targetHints":{"allow":["GET"]}}],"collection":[{"href":"https:\/\/radiocresatelital.com\/index.php?rest_route=\/wp\/v2\/posts"}],"about":[{"href":"https:\/\/radiocresatelital.com\/index.php?rest_route=\/wp\/v2\/types\/post"}],"author":[{"embeddable":true,"href":"https:\/\/radiocresatelital.com\/index.php?rest_route=\/wp\/v2\/users\/2"}],"replies":[{"embeddable":true,"href":"https:\/\/radiocresatelital.com\/index.php?rest_route=%2Fwp%2Fv2%2Fcomments&post=51433"}],"version-history":[{"count":1,"href":"https:\/\/radiocresatelital.com\/index.php?rest_route=\/wp\/v2\/posts\/51433\/revisions"}],"predecessor-version":[{"id":51435,"href":"https:\/\/radiocresatelital.com\/index.php?rest_route=\/wp\/v2\/posts\/51433\/revisions\/51435"}],"wp:featuredmedia":[{"embeddable":true,"href":"https:\/\/radiocresatelital.com\/index.php?rest_route=\/wp\/v2\/media\/51434"}],"wp:attachment":[{"href":"https:\/\/radiocresatelital.com\/index.php?rest_route=%2Fwp%2Fv2%2Fmedia&parent=51433"}],"wp:term":[{"taxonomy":"category","embeddable":true,"href":"https:\/\/radiocresatelital.com\/index.php?rest_route=%2Fwp%2Fv2%2Fcategories&post=51433"},{"taxonomy":"post_tag","embeddable":true,"href":"https:\/\/radiocresatelital.com\/index.php?rest_route=%2Fwp%2Fv2%2Ftags&post=51433"}],"curies":[{"name":"wp","href":"https:\/\/api.w.org\/{rel}","templated":true}]}}