{"id":51430,"date":"2026-04-28T19:44:19","date_gmt":"2026-04-28T19:44:19","guid":{"rendered":"https:\/\/radiocresatelital.com\/?p=51430"},"modified":"2026-04-28T19:44:19","modified_gmt":"2026-04-28T19:44:19","slug":"asamblea-enviara-al-registro-oficial-la-ley-para-fortalecer-el-sistema-penitenciario","status":"publish","type":"post","link":"https:\/\/radiocresatelital.com\/?p=51430","title":{"rendered":"Asamblea enviar\u00e1 al Registro Oficial la ley para fortalecer el sistema penitenciario"},"content":{"rendered":"<p>Quito.- El Pleno de la Asamblea Nacional, con 85 votos afirmativos, se allan\u00f3 a la objeci\u00f3n parcial por inconveniencia presentada por el presidente de la Rep\u00fablica, Daniel Noboa Az\u00edn, al Proyecto de Ley Org\u00e1nica Reformatoria para el Fortalecimiento del Sistema Penitenciario, con lo que remitir\u00e1 la ley al Registro Oficial para su publicaci\u00f3n.<\/p>\n<p>El asamble\u00edsta ponente del informe, Mario Zambrano, explic\u00f3 que las c\u00e1rceles han sido durante demasiado tiempo espacios en donde el crimen organizado ha desafiado al Estado. \u201cEl hacinamiento, la falta de control y las deficiencias normativas han tenido un costo muy alto para las familias, por lo que esta reforma es fundamental. Adem\u00e1s, mediante la objeci\u00f3n parcial se proponen mejoras que no cambian el esp\u00edritu de la normativa ni su esencia, s\u00ed la hacen m\u00e1s s\u00f3lida, t\u00e9cnica y eficiente\u201d, enfatiz\u00f3.<\/p>\n<p>El informe concluye que las observaciones cuentan con sustento jur\u00eddico y t\u00e9cnico suficiente, sin afectar el objeto esencial de la iniciativa legal. Por el contrario, permiten fortalecer la coherencia normativa, delimitar adecuadamente las competencias institucionales y mejorar la sistematizaci\u00f3n entre los distintos cuerpos legales reformados.<\/p>\n<p>Entre los principales cambios incorporados constan las definiciones para el Cuerpo de Seguridad y Vigilancia Penitenciaria, con el prop\u00f3sito de garantizar mayor claridad jur\u00eddica y uniformidad normativa.<\/p>\n<p>Adem\u00e1s, se corrige un conflicto de competencias relacionado con las atribuciones asignadas a la m\u00e1xima autoridad de dicho cuerpo. El texto original le otorgaba facultades de planificaci\u00f3n y definici\u00f3n de pol\u00edticas p\u00fablicas, funciones que corresponden al Organismo T\u00e9cnico responsable de la rector\u00eda, planificaci\u00f3n y supervisi\u00f3n del sistema penitenciario. La objeci\u00f3n subsana este aspecto para preservar una distribuci\u00f3n clara de responsabilidades y evitar interferencias en la gesti\u00f3n institucional.<\/p>\n<p>Asimismo, se corrigen inconsistencias en el r\u00e9gimen disciplinario del Cuerpo de Seguridad y Vigilancia Penitenciaria, especialmente en materia de reincidencia y tipificaci\u00f3n de faltas. Estos ajustes refuerzan la seguridad jur\u00eddica y la coherencia normativa.<\/p>\n<p>Otro cambio relevante ampl\u00eda el derecho de impugnaci\u00f3n de traslados, que inicialmente estaba limitado \u00fanicamente a personas sentenciadas. Con la reforma, este derecho se extiende a todas las personas privadas de libertad en casos de embarazo, lactancia, enfermedades catastr\u00f3ficas, raras o hu\u00e9rfanas, as\u00ed como cuando se requiera tratamiento psiqui\u00e1trico.<\/p>\n<p>De manera espec\u00edfica, se revisa la incorporaci\u00f3n de un r\u00e9gimen especial para militares en servicio pasivo que se integren al Servicio Nacional de Atenci\u00f3n Integral a Personas Adultas Privadas de la Libertad y a Adolescentes Infractores (SNAI) o al Cuerpo de Seguridad y Vigilancia Penitenciaria. Adem\u00e1s, se ajusta la redacci\u00f3n para garantizar uniformidad en el tratamiento de las pensiones militares respecto de otros reg\u00edmenes similares, fortaleciendo as\u00ed la seguridad jur\u00eddica.<\/p>\n","protected":false},"excerpt":{"rendered":"<p>Quito.- El Pleno de la Asamblea Nacional, con 85 votos afirmativos, se allan\u00f3 a la objeci\u00f3n parcial por inconveniencia presentada por el presidente de la Rep\u00fablica, Daniel Noboa Az\u00edn, al Proyecto de Ley Org\u00e1nica Reformatoria para el Fortalecimiento del Sistema Penitenciario, con lo que remitir\u00e1 la ley al Registro Oficial para su publicaci\u00f3n. El asamble\u00edsta [&hellip;]<\/p>\n","protected":false},"author":2,"featured_media":40036,"comment_status":"open","ping_status":"closed","sticky":false,"template":"","format":"standard","meta":{"_jetpack_memberships_contains_paid_content":false,"footnotes":""},"categories":[13],"tags":[8490],"class_list":["post-51430","post","type-post","status-publish","format-standard","has-post-thumbnail","hentry","category-noticias-nacionales","tag-pleno-de-la-asamblea-nacional"],"jetpack_featured_media_url":"https:\/\/radiocresatelital.com\/wp-content\/uploads\/2025\/10\/nueva-asamblea-nacional.jpg","jetpack_sharing_enabled":true,"_links":{"self":[{"href":"https:\/\/radiocresatelital.com\/index.php?rest_route=\/wp\/v2\/posts\/51430","targetHints":{"allow":["GET"]}}],"collection":[{"href":"https:\/\/radiocresatelital.com\/index.php?rest_route=\/wp\/v2\/posts"}],"about":[{"href":"https:\/\/radiocresatelital.com\/index.php?rest_route=\/wp\/v2\/types\/post"}],"author":[{"embeddable":true,"href":"https:\/\/radiocresatelital.com\/index.php?rest_route=\/wp\/v2\/users\/2"}],"replies":[{"embeddable":true,"href":"https:\/\/radiocresatelital.com\/index.php?rest_route=%2Fwp%2Fv2%2Fcomments&post=51430"}],"version-history":[{"count":1,"href":"https:\/\/radiocresatelital.com\/index.php?rest_route=\/wp\/v2\/posts\/51430\/revisions"}],"predecessor-version":[{"id":51432,"href":"https:\/\/radiocresatelital.com\/index.php?rest_route=\/wp\/v2\/posts\/51430\/revisions\/51432"}],"wp:featuredmedia":[{"embeddable":true,"href":"https:\/\/radiocresatelital.com\/index.php?rest_route=\/wp\/v2\/media\/40036"}],"wp:attachment":[{"href":"https:\/\/radiocresatelital.com\/index.php?rest_route=%2Fwp%2Fv2%2Fmedia&parent=51430"}],"wp:term":[{"taxonomy":"category","embeddable":true,"href":"https:\/\/radiocresatelital.com\/index.php?rest_route=%2Fwp%2Fv2%2Fcategories&post=51430"},{"taxonomy":"post_tag","embeddable":true,"href":"https:\/\/radiocresatelital.com\/index.php?rest_route=%2Fwp%2Fv2%2Ftags&post=51430"}],"curies":[{"name":"wp","href":"https:\/\/api.w.org\/{rel}","templated":true}]}}