{"id":51427,"date":"2026-04-28T19:28:02","date_gmt":"2026-04-28T19:28:02","guid":{"rendered":"https:\/\/radiocresatelital.com\/?p=51427"},"modified":"2026-04-28T19:28:02","modified_gmt":"2026-04-28T19:28:02","slug":"parques-acuaticos-municipales-listos-para-recibir-visitantes-en-el-feriado","status":"publish","type":"post","link":"https:\/\/radiocresatelital.com\/?p=51427","title":{"rendered":"Parques acu\u00e1ticos municipales listos para recibir visitantes en el feriado"},"content":{"rendered":"<p>Guayaquil.- El aumento de las temperaturas en la ciudad encuentra una respuesta directa en espacios recreativos dise\u00f1ados para el disfrute ciudadano. Un total de 16 parques acu\u00e1ticos municipales se encuentran listos para recibir a miles de visitantes durante el feriado por el D\u00eda del Trabajador, que se conmemora este 1 de mayo.<\/p>\n<p>Bajo la administraci\u00f3n de Parques EP, estos espacios han sido intervenidos con trabajos de mantenimiento preventivo y correctivo que incluyen limpieza integral de piscinas, lagunas artificiales, \u00e1reas comunales, bater\u00edas sanitarias y zonas verdes, con el objetivo de garantizar condiciones seguras y adecuadas para el uso familiar.<\/p>\n<p>El acceso es totalmente gratuito, lo que convierte a estos puntos en una alternativa clave frente al intenso calor, permitiendo a ni\u00f1os, j\u00f3venes y adultos refrescarse y compartir momentos de esparcimiento sin costo.<\/p>\n<p>Entre los 16 parques habilitados se encuentran la Laguna Coviem, Laguna Perimetral, Laguna Sauces VI, Puerto Hondo, la Piscina de Olas Batall\u00f3n del Suburbio, el Parque Multiprop\u00f3sito El Fort\u00edn, el Parque Metropolitano y el Complejo Acu\u00e1tico de la parroquia Posorja.<\/p>\n<p>Tambi\u00e9n se suman instalaciones en Pascuales (junto a la avenida Perimetral), cooperativa Juan Montalvo, Puerto Liza, Isla Trinitaria, Martha de Rold\u00f3s, Parque Lineal de la avenida Barcelona, Los Vergeles y Basti\u00f3n Popular.<\/p>\n<p>Los horarios establecidos para el funcionamiento de lagunas artificiales y piscinas con olas ser\u00e1n de 10h00 a 16h00 locales (15h00 a 21h00 GMT), durante los 4 d\u00edas del feriado nacional. Para disfrutar plenamente, se recomienda llegar temprano, usar ropa adecuada para el agua, aplicar protector solar y mantenerse hidratados.<\/p>\n<p>Con estos espacios en \u00f3ptimas condiciones, la ciudad fortalece su oferta recreativa gratuita, promoviendo el uso del espacio p\u00fablico como punto de encuentro, bienestar y convivencia para las familias guayaquile\u00f1as.<\/p>\n","protected":false},"excerpt":{"rendered":"<p>Guayaquil.- El aumento de las temperaturas en la ciudad encuentra una respuesta directa en espacios recreativos dise\u00f1ados para el disfrute ciudadano. Un total de 16 parques acu\u00e1ticos municipales se encuentran listos para recibir a miles de visitantes durante el feriado por el D\u00eda del Trabajador, que se conmemora este 1 de mayo. Bajo la administraci\u00f3n [&hellip;]<\/p>\n","protected":false},"author":2,"featured_media":51428,"comment_status":"open","ping_status":"closed","sticky":false,"template":"","format":"standard","meta":{"_jetpack_memberships_contains_paid_content":false,"footnotes":""},"categories":[33,13],"tags":[8489,5363],"class_list":["post-51427","post","type-post","status-publish","format-standard","has-post-thumbnail","hentry","category-guayaquil","category-noticias-nacionales","tag-parques-acuaticos-municipales","tag-parques-ep"],"jetpack_featured_media_url":"https:\/\/radiocresatelital.com\/wp-content\/uploads\/2026\/04\/PARQUES-ACUATICOS-FERIADO-MAYO-8.jpeg","jetpack_sharing_enabled":true,"_links":{"self":[{"href":"https:\/\/radiocresatelital.com\/index.php?rest_route=\/wp\/v2\/posts\/51427","targetHints":{"allow":["GET"]}}],"collection":[{"href":"https:\/\/radiocresatelital.com\/index.php?rest_route=\/wp\/v2\/posts"}],"about":[{"href":"https:\/\/radiocresatelital.com\/index.php?rest_route=\/wp\/v2\/types\/post"}],"author":[{"embeddable":true,"href":"https:\/\/radiocresatelital.com\/index.php?rest_route=\/wp\/v2\/users\/2"}],"replies":[{"embeddable":true,"href":"https:\/\/radiocresatelital.com\/index.php?rest_route=%2Fwp%2Fv2%2Fcomments&post=51427"}],"version-history":[{"count":1,"href":"https:\/\/radiocresatelital.com\/index.php?rest_route=\/wp\/v2\/posts\/51427\/revisions"}],"predecessor-version":[{"id":51429,"href":"https:\/\/radiocresatelital.com\/index.php?rest_route=\/wp\/v2\/posts\/51427\/revisions\/51429"}],"wp:featuredmedia":[{"embeddable":true,"href":"https:\/\/radiocresatelital.com\/index.php?rest_route=\/wp\/v2\/media\/51428"}],"wp:attachment":[{"href":"https:\/\/radiocresatelital.com\/index.php?rest_route=%2Fwp%2Fv2%2Fmedia&parent=51427"}],"wp:term":[{"taxonomy":"category","embeddable":true,"href":"https:\/\/radiocresatelital.com\/index.php?rest_route=%2Fwp%2Fv2%2Fcategories&post=51427"},{"taxonomy":"post_tag","embeddable":true,"href":"https:\/\/radiocresatelital.com\/index.php?rest_route=%2Fwp%2Fv2%2Ftags&post=51427"}],"curies":[{"name":"wp","href":"https:\/\/api.w.org\/{rel}","templated":true}]}}