{"id":51415,"date":"2026-04-28T18:21:27","date_gmt":"2026-04-28T18:21:27","guid":{"rendered":"https:\/\/radiocresatelital.com\/?p=51415"},"modified":"2026-04-28T18:58:26","modified_gmt":"2026-04-28T18:58:26","slug":"mas-de-103-000-estudiantes-se-beneficiaran-del-programa-educate-guayaquil-con-la-entrega-de-kits-educativos","status":"publish","type":"post","link":"https:\/\/radiocresatelital.com\/?p=51415","title":{"rendered":"M\u00e1s de 103.000 estudiantes se beneficiar\u00e1n del programa \u2018Ed\u00facate Guayaquil\u2019 con la entrega de kits educativos"},"content":{"rendered":"<p>Guayaquil.- El a\u00f1o escolar 2026-2027 del programa \u2018Ed\u00facate Guayaquil\u2019 se inaugur\u00f3 con la entrega de kits educativos a 1.070 ni\u00f1os, ni\u00f1as y adolescentes de la Unidad Educativa Particular Voluntas Dei, ubicada en el sector de Pascuales, en el noroeste de la ciudad.<\/p>\n<p>Esta actividad marca el inicio de la distribuci\u00f3n masiva de materiales escolares impulsada por la Municipalidad de Guayaquil, a trav\u00e9s de la Empresa P\u00fablica de Acci\u00f3n Social y Educaci\u00f3n (EP DASE), con el objetivo de apoyar el inicio del periodo lectivo en instituciones fiscomisionales y particulares populares.<\/p>\n<p>La jornada fue liderada por la alcaldesa subrogante, Tatiana Coronel, quien anunci\u00f3 que el programa \u2018Ed\u00facate Guayaquil\u2019 alcanzar\u00e1 a un total de 103.000 estudiantes de la ciudad durante los meses de abril y mayo de 2026.<\/p>\n<p>La iniciativa representa una inversi\u00f3n orientada a eliminar barreras econ\u00f3micas y garantizar que los estudiantes cuenten con las herramientas necesarias para su adecuado desarrollo acad\u00e9mico. El programa busca reducir la deserci\u00f3n escolar, aliviar la carga financiera de las familias y promover la equidad educativa.<\/p>\n<p>Cada kit incluye mochila, cartuchera, agenda escolar, cuadernos, l\u00e1pices, colores, tijeras, borrador, t\u00e9mperas, plastilina y otros \u00fatiles esenciales adaptados seg\u00fan el nivel educativo: desde parvulario y primeros a\u00f1os de Educaci\u00f3n General B\u00e1sica (EGB) hasta bachillerato.<\/p>\n<p>Durante el evento, la Alcaldesa (s) destac\u00f3 el compromiso de la administraci\u00f3n municipal con la educaci\u00f3n como eje transformador. \u201cEsta es la visi\u00f3n de nuestro alcalde Aquiles Alvarez: una ciudad m\u00e1s justa, m\u00e1s inclusiva y con m\u00e1s oportunidades para todos, porque cuando apostamos por la educaci\u00f3n, estamos apostando por el futuro de esta ciudad que tanto queremos\u201d, afirm\u00f3.<\/p>\n<p>Adem\u00e1s, resalt\u00f3 que se trata de una inversi\u00f3n y no de un gasto, ya que contribuye a que ning\u00fan ni\u00f1o o joven se quede atr\u00e1s y permite potenciar los talentos de las nuevas generaciones. Por su parte, la gerenta general de la EP DASE, Cynthia Cruz, enfatiz\u00f3 el rol de la educaci\u00f3n en la transformaci\u00f3n de vidas y realidades.<\/p>\n<p>Asimismo, detall\u00f3 que la empresa p\u00fablica invierte no solo en kits escolares, sino tambi\u00e9n en centros de capacitaci\u00f3n, talleres productivos, becas y centros de nivelaci\u00f3n, dejando un legado para ni\u00f1os, ni\u00f1as, adolescentes y sus familias.<\/p>\n<p>El rector de la unidad educativa, V\u00edctor Correa, agradeci\u00f3 la visita de las autoridades y record\u00f3 el principio fundacional del plantel: \u201cque los ni\u00f1os pobres tengan el mismo privilegio que tienen los ni\u00f1os ricos\u201d. Destac\u00f3 adem\u00e1s la apertura de la instituci\u00f3n para recibir esta ayuda que fortalece la educaci\u00f3n de calidad en el sector. Finalmente, Jos\u00e9 Almeida, padre de familia, manifest\u00f3 la satisfacci\u00f3n de la comunidad educativa por la presencia de la Alcaldesa subrogante y valor\u00f3 el apoyo municipal.<\/p>\n<p>Subray\u00f3 que esta iniciativa refleja una visi\u00f3n inclusiva y agradeci\u00f3 el compromiso con el desarrollo integral de los estudiantes. \u201cEsto, indudablemente, subraya la importancia que la educaci\u00f3n tiene para su gesti\u00f3n.<\/p>\n<p>Como padres de familia, buscamos siempre el mejor entorno para nuestros hijos, buscamos su desarrollo integral y por eso queremos agradecerle a usted, mi estimada y querida Alcaldesa\u201d, puntualiz\u00f3.<\/p>\n<p>Con estas acciones, el Municipio de Guayaquil y la EP DASE reafirman que la educaci\u00f3n es una herramienta fundamental para construir una ciudad m\u00e1s justa, inclusiva y con oportunidades para todos.<\/p>\n","protected":false},"excerpt":{"rendered":"<p>Guayaquil.- El a\u00f1o escolar 2026-2027 del programa \u2018Ed\u00facate Guayaquil\u2019 se inaugur\u00f3 con la entrega de kits educativos a 1.070 ni\u00f1os, ni\u00f1as y adolescentes de la Unidad Educativa Particular Voluntas Dei, ubicada en el sector de Pascuales, en el noroeste de la ciudad. Esta actividad marca el inicio de la distribuci\u00f3n masiva de materiales escolares impulsada [&hellip;]<\/p>\n","protected":false},"author":2,"featured_media":51416,"comment_status":"open","ping_status":"closed","sticky":false,"template":"","format":"standard","meta":{"_jetpack_memberships_contains_paid_content":false,"footnotes":""},"categories":[33,13],"tags":[2132,8488],"class_list":["post-51415","post","type-post","status-publish","format-standard","has-post-thumbnail","hentry","category-guayaquil","category-noticias-nacionales","tag-educate-guayaquil","tag-unidad-educativa-particular-voluntas-dei"],"jetpack_featured_media_url":"https:\/\/radiocresatelital.com\/wp-content\/uploads\/2026\/04\/3-1-scaled.jpeg","jetpack_sharing_enabled":true,"_links":{"self":[{"href":"https:\/\/radiocresatelital.com\/index.php?rest_route=\/wp\/v2\/posts\/51415","targetHints":{"allow":["GET"]}}],"collection":[{"href":"https:\/\/radiocresatelital.com\/index.php?rest_route=\/wp\/v2\/posts"}],"about":[{"href":"https:\/\/radiocresatelital.com\/index.php?rest_route=\/wp\/v2\/types\/post"}],"author":[{"embeddable":true,"href":"https:\/\/radiocresatelital.com\/index.php?rest_route=\/wp\/v2\/users\/2"}],"replies":[{"embeddable":true,"href":"https:\/\/radiocresatelital.com\/index.php?rest_route=%2Fwp%2Fv2%2Fcomments&post=51415"}],"version-history":[{"count":1,"href":"https:\/\/radiocresatelital.com\/index.php?rest_route=\/wp\/v2\/posts\/51415\/revisions"}],"predecessor-version":[{"id":51417,"href":"https:\/\/radiocresatelital.com\/index.php?rest_route=\/wp\/v2\/posts\/51415\/revisions\/51417"}],"wp:featuredmedia":[{"embeddable":true,"href":"https:\/\/radiocresatelital.com\/index.php?rest_route=\/wp\/v2\/media\/51416"}],"wp:attachment":[{"href":"https:\/\/radiocresatelital.com\/index.php?rest_route=%2Fwp%2Fv2%2Fmedia&parent=51415"}],"wp:term":[{"taxonomy":"category","embeddable":true,"href":"https:\/\/radiocresatelital.com\/index.php?rest_route=%2Fwp%2Fv2%2Fcategories&post=51415"},{"taxonomy":"post_tag","embeddable":true,"href":"https:\/\/radiocresatelital.com\/index.php?rest_route=%2Fwp%2Fv2%2Ftags&post=51415"}],"curies":[{"name":"wp","href":"https:\/\/api.w.org\/{rel}","templated":true}]}}