{"id":51412,"date":"2026-04-28T18:15:15","date_gmt":"2026-04-28T18:15:15","guid":{"rendered":"https:\/\/radiocresatelital.com\/?p=51412"},"modified":"2026-04-28T18:15:15","modified_gmt":"2026-04-28T18:15:15","slug":"secretaria-nacional-de-gestion-de-riesgos-presento-su-rendicion-de-cuentas-2025","status":"publish","type":"post","link":"https:\/\/radiocresatelital.com\/?p=51412","title":{"rendered":"Secretar\u00eda Nacional de Gesti\u00f3n de Riesgos present\u00f3 su Rendici\u00f3n de Cuentas 2025"},"content":{"rendered":"<p>Quito.- Este 28 de abril de 2026, la Secretar\u00eda Nacional de Gesti\u00f3n de Riesgos inform\u00f3 sobre las acciones ejecutadas para la gesti\u00f3n integral del riesgo de desastres en el Ecuador, en el marco de su rendici\u00f3n de cuentas 2025. Las autoridades destacaron la articulaci\u00f3n de medidas de prevenci\u00f3n, respuesta y fortalecimiento de capacidades con instituciones, gobiernos locales y comunidades, orientadas a la protecci\u00f3n de la vida, los medios de subsistencia y el desarrollo sostenible de la poblaci\u00f3n.<\/p>\n<p>Durante 2025, el Gobierno fortaleci\u00f3 la respuesta ante desastres y brind\u00f3 asistencia a m\u00e1s de 244.000 personas en todo el pa\u00eds mediante la entrega de m\u00e1s de 673.024 bienes de ayuda humanitaria, como alimentos, galones de agua, kits de higiene e insumos b\u00e1sicos, as\u00ed como la habilitaci\u00f3n de alojamientos temporales. Se atendieron emergencias en distintas zonas del pa\u00eds, garantizando una respuesta t\u00e9cnica e interinstitucional oportuna.<\/p>\n<p>En el mismo per\u00edodo, se registraron 8.630 eventos adversos que afectaron a m\u00e1s de 407.000 personas, con mayor impacto en Manab\u00ed, Guayas y Los R\u00edos debido a la \u00e9poca lluviosa, ante esta situaci\u00f3n se atendieron emergencias en distintas zonas del pa\u00eds, garantizando una respuesta t\u00e9cnica e interinstitucional oportuna.<\/p>\n<p>Asimismo, se intervino en eventos cr\u00edticos como el colapso del puente Gonzalo Icaza Cornejo en Daule, el desbordamiento del r\u00edo Milagro, emergencias en Esmeraldas un derrame de petr\u00f3leo y un sismo, la granizada en Cayambe y el aluvi\u00f3n en Ba\u00f1os de Agua Santa. En todos estos casos, se activ\u00f3 la coordinaci\u00f3n interinstitucional y el despliegue t\u00e9cnico para una respuesta eficaz.<\/p>\n<p>Se reforzaron las capacidades de respuesta a nivel nacional mediante el equipamiento de 122 cuerpos de bomberos, la acreditaci\u00f3n de brigadas forestales y equipos USAR bajo est\u00e1ndares internacionales, y la formaci\u00f3n de voluntarios, alcanzando hoy un total de 1.556 a nivel nacional, as\u00ed como la capacitaci\u00f3n de personal en asistencia humanitaria. Adem\u00e1s, se ejecut\u00f3 el mayor simulacro de sismo y tsunami de los \u00faltimos a\u00f1os, movilizando a cientos de miles de personas. Tambi\u00e9n, m\u00e1s de 27.000 personas recibieron apoyo directo a trav\u00e9s del programa J\u00f3venes en Acci\u00f3n.<\/p>\n<p>Se impuls\u00f3 la gesti\u00f3n del riesgo en el pa\u00eds mediante la actualizaci\u00f3n del Cat\u00e1logo Nacional de Amenazas, que incorpora 68 tipos de eventos, y del Plan Nacional de Reducci\u00f3n de Riesgos, junto con la construcci\u00f3n participativa de una pol\u00edtica de largo plazo y la articulaci\u00f3n con la agenda de cambio clim\u00e1tico. Se brindaron herramientas y capacitaci\u00f3n a gobiernos locales y comunidades, se generaron informes t\u00e9cnicos para priorizar acciones y se incorpor\u00f3 tecnolog\u00eda para la detecci\u00f3n de riesgos. Adem\u00e1s, se promovieron proyectos estrat\u00e9gicos en inundaciones, riesgo volc\u00e1nico y an\u00e1lisis territorial, orientados a mejorar la prevenci\u00f3n y la toma de decisiones.<\/p>\n<p>En cuanto a cooperaci\u00f3n y ejecuci\u00f3n presupuestaria, se gestionaron recursos nacionales e internacionales y se alcanz\u00f3 una ejecuci\u00f3n del 98,81 % del presupuesto, enfocada en la atenci\u00f3n de emergencias y el desarrollo de capacidades.<\/p>\n<p>De cara a 2026, la instituci\u00f3n ratifica su compromiso con una gesti\u00f3n integral del riesgo, priorizando la prevenci\u00f3n, la articulaci\u00f3n institucional y la preparaci\u00f3n ante posibles eventos como el fen\u00f3meno de El Ni\u00f1o, con el objetivo de construir un Ecuador m\u00e1s resiliente y seguro.<\/p>\n","protected":false},"excerpt":{"rendered":"<p>Quito.- Este 28 de abril de 2026, la Secretar\u00eda Nacional de Gesti\u00f3n de Riesgos inform\u00f3 sobre las acciones ejecutadas para la gesti\u00f3n integral del riesgo de desastres en el Ecuador, en el marco de su rendici\u00f3n de cuentas 2025. Las autoridades destacaron la articulaci\u00f3n de medidas de prevenci\u00f3n, respuesta y fortalecimiento de capacidades con instituciones, [&hellip;]<\/p>\n","protected":false},"author":2,"featured_media":51413,"comment_status":"open","ping_status":"closed","sticky":false,"template":"","format":"standard","meta":{"_jetpack_memberships_contains_paid_content":false,"footnotes":""},"categories":[13],"tags":[2175],"class_list":["post-51412","post","type-post","status-publish","format-standard","has-post-thumbnail","hentry","category-noticias-nacionales","tag-secretaria-nacional-de-gestion-de-riesgos"],"jetpack_featured_media_url":"https:\/\/radiocresatelital.com\/wp-content\/uploads\/2026\/04\/684170510_18042055073790549_6664734677145604943_n.jpg","jetpack_sharing_enabled":true,"_links":{"self":[{"href":"https:\/\/radiocresatelital.com\/index.php?rest_route=\/wp\/v2\/posts\/51412","targetHints":{"allow":["GET"]}}],"collection":[{"href":"https:\/\/radiocresatelital.com\/index.php?rest_route=\/wp\/v2\/posts"}],"about":[{"href":"https:\/\/radiocresatelital.com\/index.php?rest_route=\/wp\/v2\/types\/post"}],"author":[{"embeddable":true,"href":"https:\/\/radiocresatelital.com\/index.php?rest_route=\/wp\/v2\/users\/2"}],"replies":[{"embeddable":true,"href":"https:\/\/radiocresatelital.com\/index.php?rest_route=%2Fwp%2Fv2%2Fcomments&post=51412"}],"version-history":[{"count":1,"href":"https:\/\/radiocresatelital.com\/index.php?rest_route=\/wp\/v2\/posts\/51412\/revisions"}],"predecessor-version":[{"id":51414,"href":"https:\/\/radiocresatelital.com\/index.php?rest_route=\/wp\/v2\/posts\/51412\/revisions\/51414"}],"wp:featuredmedia":[{"embeddable":true,"href":"https:\/\/radiocresatelital.com\/index.php?rest_route=\/wp\/v2\/media\/51413"}],"wp:attachment":[{"href":"https:\/\/radiocresatelital.com\/index.php?rest_route=%2Fwp%2Fv2%2Fmedia&parent=51412"}],"wp:term":[{"taxonomy":"category","embeddable":true,"href":"https:\/\/radiocresatelital.com\/index.php?rest_route=%2Fwp%2Fv2%2Fcategories&post=51412"},{"taxonomy":"post_tag","embeddable":true,"href":"https:\/\/radiocresatelital.com\/index.php?rest_route=%2Fwp%2Fv2%2Ftags&post=51412"}],"curies":[{"name":"wp","href":"https:\/\/api.w.org\/{rel}","templated":true}]}}