{"id":51410,"date":"2026-04-27T23:20:49","date_gmt":"2026-04-27T23:20:49","guid":{"rendered":"https:\/\/radiocresatelital.com\/?p=51410"},"modified":"2026-04-27T23:20:49","modified_gmt":"2026-04-27T23:20:49","slug":"kylian-mbappe-sufre-lesion-y-espera-que-regrese-para-el-derby-espanol","status":"publish","type":"post","link":"https:\/\/radiocresatelital.com\/?p=51410","title":{"rendered":"Kylian Mbappe sufre lesi\u00f3n y espera que regrese para el Derby Espa\u00f1ol"},"content":{"rendered":"<p>Madrid.- El delantero franc\u00e9s que milita en el Real Madrid, Kylian Mbappe, ha sufrido una lesi\u00f3n en el m\u00fasculo semitendinoso de la pierna izquierda y se espera que pueda estar para el cl\u00e1sico que se jugar\u00e1 en el Camp Nou del 10 de mayo, en tanto que el brasile\u00f1o Eder Militao ser\u00e1 operado esta semana en Finlandia de la nueva lesi\u00f3n sufrida en el encuentro ante el Alav\u00e9s.<\/p>\n<p>El internacional galo fue sometido este lunes a nuevas pruebas para conocer con m\u00e1s precisi\u00f3n sus dolencias.<\/p>\n<p>Seg\u00fan el parte m\u00e9dico emitido por el club blanco \u00abse le ha diagnosticado una lesi\u00f3n en el m\u00fasculo semitendinoso de la pierna izquierda\u00bb, por lo que queda \u00abpendiente de evoluci\u00f3n\u00bb.<\/p>\n<p>Mbappe pidi\u00f3 el cambio en la segunda mitad del encuentro del pasado viernes en La Cartuja ante el Betis y fue reemplazado por el canterano Gonzalo Garc\u00eda en el minuto 82.<\/p>\n<p>Se tem\u00eda por una lesi\u00f3n m\u00e1s importante, pero seg\u00fan las \u00faltimas pruebas en principio tan solo est\u00e1 garantizado que no podr\u00e1 estar a disposici\u00f3n de \u00c1lvaro Arbeloa el domingo en el feudo del Espanyol, partido en el que el Barcelona se podr\u00eda proclamar campe\u00f3n de LaLiga EA Sports.<\/p>\n<p>No obstante, el m\u00e1ximo artillero de la competici\u00f3n har\u00e1 todo lo que pueda para estar a disposici\u00f3n en la siguiente jornada, el 10 de mayo, en el Spotify Camp Nou ante el Barcelona.<\/p>\n<p>Mientras tanto, Militao, que tuvo que retirarse en el partido ante el Alav\u00e9s por unas molestias en el isquio, finalmente ser\u00e1 operado en Finlandia con uno de los mejores especialistas del mundo de una lesi\u00f3n en el b\u00edceps femoral de la pierna izquierda.<\/p>\n<p>Nuevo contratiempo de importancia para el internacional brasile\u00f1o, que se perder\u00e1 la posibilidad de estar con la selecci\u00f3n brasile\u00f1a que dirige el italiano Carlo Ancelotti, ext\u00e9cnico del Real Madrid, en el pr\u00f3ximo Mundial de Estados Unidos, M\u00e9xico y Canad\u00e1.<\/p>\n<p>El brasile\u00f1o, que estuvo cerca de cuatro meses de baja por el problema sufrido en diciembre ante el Celta -reapareci\u00f3 el 4 de abril en Mallorca-, volvi\u00f3 a lesionarse en la primera mitad del partido frente al Alav\u00e9s de la trig\u00e9sima tercera jornada y tuvo que ser reemplazado por el alem\u00e1n Antonio Rudiger.<\/p>\n<p>Por su parte, Carvajal podr\u00e1 estar en la convocatoria para el partido ante el Espanyol, pero con un golpe en el pie izquierdo hizo trabajo en el gimnasio y no particip\u00f3 en el entrenamiento de este lunes junto al resto de compa\u00f1eros, al igual que Mbappe y Militao, as\u00ed como el turco Arda Guler, el belga Thibaut Courtois y el brasile\u00f1o Rodrygo Goes, que contin\u00faan con sus respectivos procesos de recuperaci\u00f3n.<\/p>\n","protected":false},"excerpt":{"rendered":"<p>Madrid.- El delantero franc\u00e9s que milita en el Real Madrid, Kylian Mbappe, ha sufrido una lesi\u00f3n en el m\u00fasculo semitendinoso de la pierna izquierda y se espera que pueda estar para el cl\u00e1sico que se jugar\u00e1 en el Camp Nou del 10 de mayo, en tanto que el brasile\u00f1o Eder Militao ser\u00e1 operado esta semana [&hellip;]<\/p>\n","protected":false},"author":2,"featured_media":30671,"comment_status":"open","ping_status":"closed","sticky":false,"template":"","format":"standard","meta":{"_jetpack_memberships_contains_paid_content":false,"footnotes":""},"categories":[9,7],"tags":[354],"class_list":["post-51410","post","type-post","status-publish","format-standard","has-post-thumbnail","hentry","category-deportes","category-futbol-internacional","tag-kylian-mbappe"],"jetpack_featured_media_url":"https:\/\/radiocresatelital.com\/wp-content\/uploads\/2025\/06\/kylianmbappeausencia_14_7_28_582.jpg","jetpack_sharing_enabled":true,"_links":{"self":[{"href":"https:\/\/radiocresatelital.com\/index.php?rest_route=\/wp\/v2\/posts\/51410","targetHints":{"allow":["GET"]}}],"collection":[{"href":"https:\/\/radiocresatelital.com\/index.php?rest_route=\/wp\/v2\/posts"}],"about":[{"href":"https:\/\/radiocresatelital.com\/index.php?rest_route=\/wp\/v2\/types\/post"}],"author":[{"embeddable":true,"href":"https:\/\/radiocresatelital.com\/index.php?rest_route=\/wp\/v2\/users\/2"}],"replies":[{"embeddable":true,"href":"https:\/\/radiocresatelital.com\/index.php?rest_route=%2Fwp%2Fv2%2Fcomments&post=51410"}],"version-history":[{"count":1,"href":"https:\/\/radiocresatelital.com\/index.php?rest_route=\/wp\/v2\/posts\/51410\/revisions"}],"predecessor-version":[{"id":51411,"href":"https:\/\/radiocresatelital.com\/index.php?rest_route=\/wp\/v2\/posts\/51410\/revisions\/51411"}],"wp:featuredmedia":[{"embeddable":true,"href":"https:\/\/radiocresatelital.com\/index.php?rest_route=\/wp\/v2\/media\/30671"}],"wp:attachment":[{"href":"https:\/\/radiocresatelital.com\/index.php?rest_route=%2Fwp%2Fv2%2Fmedia&parent=51410"}],"wp:term":[{"taxonomy":"category","embeddable":true,"href":"https:\/\/radiocresatelital.com\/index.php?rest_route=%2Fwp%2Fv2%2Fcategories&post=51410"},{"taxonomy":"post_tag","embeddable":true,"href":"https:\/\/radiocresatelital.com\/index.php?rest_route=%2Fwp%2Fv2%2Ftags&post=51410"}],"curies":[{"name":"wp","href":"https:\/\/api.w.org\/{rel}","templated":true}]}}