{"id":51391,"date":"2026-04-27T19:34:36","date_gmt":"2026-04-27T19:34:36","guid":{"rendered":"https:\/\/radiocresatelital.com\/?p=51391"},"modified":"2026-04-27T22:36:11","modified_gmt":"2026-04-27T22:36:11","slug":"la-inversion-en-tecnologia-crece-en-el-sector-empresarial-como-respuesta-a-la-crisis-de-inseguridad","status":"publish","type":"post","link":"https:\/\/radiocresatelital.com\/?p=51391","title":{"rendered":"La inversi\u00f3n en tecnolog\u00eda crece en el sector empresarial como respuesta a la crisis de inseguridad"},"content":{"rendered":"<p>Quito.- El consumo tecnol\u00f3gico en Ecuador ha experimentado un cambio de paradigma, trascendiendo la conectividad social para consolidarse como el pilar de la seguridad f\u00edsica y la protecci\u00f3n de activos cr\u00edticos de las compa\u00f1\u00edas. El contexto nacional de los \u00faltimos a\u00f1os ha marcado la hoja de ruta de esta transformaci\u00f3n.<\/p>\n<p>Seg\u00fan el FMI, Latino Am\u00e9rica y El Caribe tienen cifras de violencia y crimen muy por encima de los promedios que muestran otras regiones del mundo. A nivel local, el Instituto Ecuatoriano de Estad\u00edstica y Censo (INEC), a\u00f1ade que, hasta enero de 2026, los robos a personas han incrementado un 3% a nivel nacional.<\/p>\n<p>Esta realidad ha motivado que las inversiones en tecnolog\u00eda de control ya no sean un valor agregado, sino una necesidad operativa. El Comit\u00e9 Empresarial Ecuatoriano (CEE) ha se\u00f1alado que el costo de la inseguridad ya representa un impacto significativo en la competitividad.<\/p>\n<p>Por su parte, el BID ha estimado en sus informes sobre el costo del crimen que, en pa\u00edses de la regi\u00f3n con contextos similares, este gasto puede absorber entre el 3% y el 3.5% del PIB nacional, una cifra que en el microclima empresarial ecuatoriano se traduce en una inversi\u00f3n sostenida en sistemas de protecci\u00f3n.<\/p>\n<p>C\u00e1maras de videovigilancia de alta definici\u00f3n, grabadores digitales y controles de acceso biom\u00e9tricos han dejado de ser herramientas pasivas para convertirse en nodos inteligentes. Estos equipos, sumados a sistemas de alarmas interconectados, optimizan la protecci\u00f3n de los per\u00edmetros y brindan una mayor eficiencia operativa.<\/p>\n<p>La integraci\u00f3n de estas tecnolog\u00edas permite una vigilancia continua que reduce los tiempos de respuesta y proporciona una trazabilidad completa de los eventos en tiempo real.<\/p>\n<p>Esta transici\u00f3n hacia entornos automatizados y protegidos tendr\u00e1 su m\u00e1ximo exponente en el TECHSHOW Ecuador 2026, que se llevar\u00e1 a cabo el pr\u00f3ximo 29 de abril en el Centro de Convenciones Bicentenario en Quito.<\/p>\n<p>Este encuentro empresarial se perfila como el espacio donde expertos nacionales e internacionales discutir\u00e1n c\u00f3mo la tecnolog\u00eda de punta puede solventar los retos de seguridad y eficiencia del pa\u00eds. El evento presentar\u00e1 lo \u00faltimo en soluciones de IA aplicadas a la vida cotidiana, demostrando que la inversi\u00f3n en seguridad y el confort residencial son hoy los dos pilares de una misma moneda tecnol\u00f3gica.<\/p>\n<p>Ecuador se encamina hacia un modelo de desarrollo donde la tecnolog\u00eda es el garante de la tranquilidad ciudadana. La implementaci\u00f3n de estos sistemas establece un est\u00e1ndar de modernidad donde la eficiencia y la comodidad operativa son los ejes de una sociedad que busca avanzar hacia el futuro.<\/p>\n","protected":false},"excerpt":{"rendered":"<p>Quito.- El consumo tecnol\u00f3gico en Ecuador ha experimentado un cambio de paradigma, trascendiendo la conectividad social para consolidarse como el pilar de la seguridad f\u00edsica y la protecci\u00f3n de activos cr\u00edticos de las compa\u00f1\u00edas. El contexto nacional de los \u00faltimos a\u00f1os ha marcado la hoja de ruta de esta transformaci\u00f3n. Seg\u00fan el FMI, Latino Am\u00e9rica [&hellip;]<\/p>\n","protected":false},"author":2,"featured_media":51392,"comment_status":"open","ping_status":"closed","sticky":false,"template":"","format":"standard","meta":{"_jetpack_memberships_contains_paid_content":false,"footnotes":""},"categories":[122],"tags":[8482],"class_list":["post-51391","post","type-post","status-publish","format-standard","has-post-thumbnail","hentry","category-tecnologia","tag-consumo-tecnologico-en-ecuado"],"jetpack_featured_media_url":"https:\/\/radiocresatelital.com\/wp-content\/uploads\/2026\/04\/WhatsApp-Image-2026-04-27-at-11.16.43.jpeg","jetpack_sharing_enabled":true,"_links":{"self":[{"href":"https:\/\/radiocresatelital.com\/index.php?rest_route=\/wp\/v2\/posts\/51391","targetHints":{"allow":["GET"]}}],"collection":[{"href":"https:\/\/radiocresatelital.com\/index.php?rest_route=\/wp\/v2\/posts"}],"about":[{"href":"https:\/\/radiocresatelital.com\/index.php?rest_route=\/wp\/v2\/types\/post"}],"author":[{"embeddable":true,"href":"https:\/\/radiocresatelital.com\/index.php?rest_route=\/wp\/v2\/users\/2"}],"replies":[{"embeddable":true,"href":"https:\/\/radiocresatelital.com\/index.php?rest_route=%2Fwp%2Fv2%2Fcomments&post=51391"}],"version-history":[{"count":1,"href":"https:\/\/radiocresatelital.com\/index.php?rest_route=\/wp\/v2\/posts\/51391\/revisions"}],"predecessor-version":[{"id":51393,"href":"https:\/\/radiocresatelital.com\/index.php?rest_route=\/wp\/v2\/posts\/51391\/revisions\/51393"}],"wp:featuredmedia":[{"embeddable":true,"href":"https:\/\/radiocresatelital.com\/index.php?rest_route=\/wp\/v2\/media\/51392"}],"wp:attachment":[{"href":"https:\/\/radiocresatelital.com\/index.php?rest_route=%2Fwp%2Fv2%2Fmedia&parent=51391"}],"wp:term":[{"taxonomy":"category","embeddable":true,"href":"https:\/\/radiocresatelital.com\/index.php?rest_route=%2Fwp%2Fv2%2Fcategories&post=51391"},{"taxonomy":"post_tag","embeddable":true,"href":"https:\/\/radiocresatelital.com\/index.php?rest_route=%2Fwp%2Fv2%2Ftags&post=51391"}],"curies":[{"name":"wp","href":"https:\/\/api.w.org\/{rel}","templated":true}]}}