{"id":51382,"date":"2026-04-27T22:18:20","date_gmt":"2026-04-27T22:18:20","guid":{"rendered":"https:\/\/radiocresatelital.com\/?p=51382"},"modified":"2026-04-27T22:18:20","modified_gmt":"2026-04-27T22:18:20","slug":"articulacion-interinstitucional-fortalece-la-seguridad-vial-en-feriados-de-mayo","status":"publish","type":"post","link":"https:\/\/radiocresatelital.com\/?p=51382","title":{"rendered":"Articulaci\u00f3n interinstitucional fortalece la seguridad vial en feriados de mayo"},"content":{"rendered":"<p>Quito.- Con el objetivo de fortalecer la prevenci\u00f3n y reducir la siniestralidad en las v\u00edas del pa\u00eds, este viernes 24 de abril de 2026 se desarroll\u00f3 la Mesa Nacional de Seguridad Vial, un espacio de articulaci\u00f3n t\u00e9cnica que permiti\u00f3 consolidar informaci\u00f3n, analizar estad\u00edsticas y definir acciones conjuntas que se ejecutar\u00e1n antes, durante y despu\u00e9s de los feriados por el D\u00eda Internacional del Trabajo y la Batalla de Pichincha.<\/p>\n<p>En la jornada participaron delegados de la Agencia Nacional de Tr\u00e1nsito (ANT), la Polic\u00eda Nacional del Ecuador, la Comisi\u00f3n de Tr\u00e1nsito del Ecuador (CTE), el Viceministerio de Turismo, el Servicio P\u00fablico para Pago de Accidentes de Tr\u00e1nsito (SPPAT), la Asociaci\u00f3n de Municipalidades del Ecuador (AME), el Servicio Integrado de Seguridad ECU 911, la Agencia Metropolitana de Tr\u00e1nsito de Quito (AMT) y representantes provinciales de Machala, Riobamba y la mancomunidad de El Norte, evidenciando un compromiso coordinado para la protecci\u00f3n de la vida en las v\u00edas.<\/p>\n<p>En la apertura de la reuni\u00f3n, Gabriel Jap\u00f3n, coordinador general de Gesti\u00f3n y Control de la ANT, invit\u00f3 a los asistentes a reflexionar sobre el servicio a la ciudadan\u00eda. \u201cEsto se logra con honestidad todos los d\u00edas, con trabajo silencioso pero constante, con la convicci\u00f3n de cada una de las instituciones de control que trabajan por servir a la ciudadan\u00eda. El futuro se construye con transparencia\u201d afirm\u00f3.<\/p>\n<p>Como parte de las disposiciones generales, se recuerda a la ciudadan\u00eda la obligaci\u00f3n de portar la documentaci\u00f3n habilitante para la circulaci\u00f3n, conforme a la normativa vigente. En este contexto, la ANT mantiene la pr\u00f3rroga para licencias caducadas hasta el 30 de junio de 2026.<\/p>\n<p>Asimismo, todos los veh\u00edculos deben contar con placas met\u00e1licas o provisionales emitidas por los gobiernos aut\u00f3nomos descentralizados competentes. El an\u00e1lisis t\u00e9cnico presentado en la Mesa identific\u00f3 como principales causas de siniestros de tr\u00e1nsito: la conducci\u00f3n desatenta, el exceso de velocidad, el irrespeto a las normas de tr\u00e1nsito y la conducci\u00f3n bajo efectos de alcohol o sustancias estupefacientes.<\/p>\n<p>En respuesta, se definieron operativos de control focalizados en la Red Vial Estatal, terminales terrestres y puntos de alta concentraci\u00f3n vehicular, complementados con campa\u00f1as de educaci\u00f3n vial y comunicaci\u00f3n preventiva.<\/p>\n<p><strong>Acciones interinstitucionales<\/strong><\/p>\n<p><strong>Agencia Nacional de Tr\u00e1nsito (ANT):<\/strong><\/p>\n<p>&#8211; Implementaci\u00f3n de brigadas de control en terminales terrestres a escala nacional.<br \/>\n&#8211; Desarrollo de campa\u00f1as de seguridad vial con el apoyo de escuelas de conducci\u00f3n.<br \/>\n&#8211; Coordinaci\u00f3n del control operativo en los principales ejes viales del pa\u00eds<\/p>\n<p><strong>Servicio P\u00fablico para Pago de Accidentes de Tr\u00e1nsito (SPPAT)<\/strong><\/p>\n<p>&#8211; Atenci\u00f3n permanente en la agencia matriz y 12 oficinas t\u00e9cnicas a nivel nacional.<br \/>\n&#8211; Asesor\u00eda en sitio sobre coberturas econ\u00f3micas por fallecimiento, discapacidad, gastos m\u00e9dicos, funerarios y traslados.<br \/>\n&#8211; Seguimiento integral de casos<\/p>\n<p><strong>Comisi\u00f3n de Tr\u00e1nsito del Ecuador (CTE):<\/strong><br \/>\n&#8211; Despliegue de 5.134 agentes y 433 unidades para el control en ocho provincias, as\u00ed como en 10 terminales terrestres y siete peajes.<br \/>\n&#8211; Ejecuci\u00f3n de campa\u00f1as de educaci\u00f3n vial y prevenci\u00f3n a trav\u00e9s de medios de comunicaci\u00f3n.<br \/>\n&#8211; Coordinaci\u00f3n de atenci\u00f3n de emergencias mediante el ECU 911. Polic\u00eda Nacional del Ecuador:<br \/>\n&#8211; Activaci\u00f3n del plan operativo desde las 12h00 del mi\u00e9rcoles 29 de abril hasta las 23h59 del domingo 3 de mayo de 2026, con 1.824 servidores policiales y 1.839 recursos log\u00edsticos.<br \/>\n&#8211; Controles en v\u00edas estatales, zonas urbanas y terminales terrestres, junto a campa\u00f1as preventivas.<br \/>\n&#8211; Implementaci\u00f3n de contraflujos seg\u00fan la demanda vehicular en los principales corredores viales.<\/p>\n<p><strong>Agencia Metropolitana de Tr\u00e1nsito de de Quito (AMT):<\/strong><\/p>\n<p>&#8211; Despliegue de 1.265 agentes civiles y 1.028 recursos log\u00edsticos para operativos en v\u00edas, zonas de alta concurrencia y el Metro de Quito.<br \/>\n&#8211; Ejecuci\u00f3n de las campa\u00f1as \u201cSeguro te mueves\u201d y \u201cM\u00e1rcale cero al alcohol\u201d.<br \/>\n&#8211; Control en terminales interprovinciales de Carcel\u00e9n y Quitumbe, y microterminales de La Ofelia, La Mar\u00edn y R\u00edo Coca.<br \/>\n&#8211; Dispositivo especial por la movilizaci\u00f3n nacional del D\u00eda Internacional del Trabajo.<\/p>\n<p>Las acciones definidas responden al an\u00e1lisis de los patrones de movilidad registrados en feriados anteriores, considerando factores humanos, vehiculares y condiciones del entorno vial.<\/p>\n<p>Para el cierre de la jornada, Milovan Buena\u00f1o, en representaci\u00f3n de la Direcci\u00f3n Ejecutiva de la ANT, destac\u00f3 que la seguridad vial es una responsabilidad compartida que requiere una acci\u00f3n articulada y sostenida en el tiempo. \u201cPrevenir siniestros y precautelar la vida de la ciudadan\u00eda es una prioridad de esta nueva administraci\u00f3n, que impulsa el trabajo interinstitucional como eje fundamental de su gesti\u00f3n\u201d, se\u00f1al\u00f3.<\/p>\n<p>Estas Mesas T\u00e9cnicas de Seguridad Vial se realizan en todas las provincias del pa\u00eds, bajo el liderazgo de la ANT.<\/p>\n<p>Este esfuerzo conjunto reafirma el compromiso del gobierno de El Nuevo Ecuador de trabajar de manera coordinada para reducir los \u00edndices de siniestralidad, promover una cultura de responsabilidad en la conducci\u00f3n y garantizar traslados seguros para todos los ecuatorianos durante los d\u00edas de descanso<\/p>\n","protected":false},"excerpt":{"rendered":"<p>Quito.- Con el objetivo de fortalecer la prevenci\u00f3n y reducir la siniestralidad en las v\u00edas del pa\u00eds, este viernes 24 de abril de 2026 se desarroll\u00f3 la Mesa Nacional de Seguridad Vial, un espacio de articulaci\u00f3n t\u00e9cnica que permiti\u00f3 consolidar informaci\u00f3n, analizar estad\u00edsticas y definir acciones conjuntas que se ejecutar\u00e1n antes, durante y despu\u00e9s de [&hellip;]<\/p>\n","protected":false},"author":2,"featured_media":51383,"comment_status":"open","ping_status":"closed","sticky":false,"template":"","format":"standard","meta":{"_jetpack_memberships_contains_paid_content":false,"footnotes":""},"categories":[13],"tags":[8479],"class_list":["post-51382","post","type-post","status-publish","format-standard","has-post-thumbnail","hentry","category-noticias-nacionales","tag-mesa-nacional-de-seguridad-vial"],"jetpack_featured_media_url":"https:\/\/radiocresatelital.com\/wp-content\/uploads\/2026\/04\/1000662098.jpg.jpeg","jetpack_sharing_enabled":true,"_links":{"self":[{"href":"https:\/\/radiocresatelital.com\/index.php?rest_route=\/wp\/v2\/posts\/51382","targetHints":{"allow":["GET"]}}],"collection":[{"href":"https:\/\/radiocresatelital.com\/index.php?rest_route=\/wp\/v2\/posts"}],"about":[{"href":"https:\/\/radiocresatelital.com\/index.php?rest_route=\/wp\/v2\/types\/post"}],"author":[{"embeddable":true,"href":"https:\/\/radiocresatelital.com\/index.php?rest_route=\/wp\/v2\/users\/2"}],"replies":[{"embeddable":true,"href":"https:\/\/radiocresatelital.com\/index.php?rest_route=%2Fwp%2Fv2%2Fcomments&post=51382"}],"version-history":[{"count":1,"href":"https:\/\/radiocresatelital.com\/index.php?rest_route=\/wp\/v2\/posts\/51382\/revisions"}],"predecessor-version":[{"id":51384,"href":"https:\/\/radiocresatelital.com\/index.php?rest_route=\/wp\/v2\/posts\/51382\/revisions\/51384"}],"wp:featuredmedia":[{"embeddable":true,"href":"https:\/\/radiocresatelital.com\/index.php?rest_route=\/wp\/v2\/media\/51383"}],"wp:attachment":[{"href":"https:\/\/radiocresatelital.com\/index.php?rest_route=%2Fwp%2Fv2%2Fmedia&parent=51382"}],"wp:term":[{"taxonomy":"category","embeddable":true,"href":"https:\/\/radiocresatelital.com\/index.php?rest_route=%2Fwp%2Fv2%2Fcategories&post=51382"},{"taxonomy":"post_tag","embeddable":true,"href":"https:\/\/radiocresatelital.com\/index.php?rest_route=%2Fwp%2Fv2%2Ftags&post=51382"}],"curies":[{"name":"wp","href":"https:\/\/api.w.org\/{rel}","templated":true}]}}