{"id":51376,"date":"2026-04-27T21:54:39","date_gmt":"2026-04-27T21:54:39","guid":{"rendered":"https:\/\/radiocresatelital.com\/?p=51376"},"modified":"2026-04-27T21:54:39","modified_gmt":"2026-04-27T21:54:39","slug":"guayas-impulsa-su-desarrollo-productivo-con-articulacion-entre-prefectura-y-ministerio-incorporando-catastros-agricolas-y-acuicolas-para-fortalecer-sanidad-inversion-y-planificacion","status":"publish","type":"post","link":"https:\/\/radiocresatelital.com\/?p=51376","title":{"rendered":"Guayas impulsa su desarrollo productivo con articulaci\u00f3n entre Prefectura y Ministerio, incorporando catastros agr\u00edcolas y acu\u00edcolas para fortalecer sanidad, inversi\u00f3n y  planificaci\u00f3n"},"content":{"rendered":"<p>Guayaquil.- El Viceprefecto del Guayas, Carlos Encalada, mantuvo una reuni\u00f3n de trabajo con el ministro de Agricultura, Juan Carlos Vega, con el objetivo de articular esfuerzos y consolidar una agenda estrat\u00e9gica orientada a fortalecer el desarrollo productivo de la provincia.<\/p>\n<p>Uno de los principales ejes abordados fue la incorporaci\u00f3n de los catastros agr\u00edcolas y acu\u00edcolas como herramienta clave para la toma de decisiones. Este insumo permitir\u00e1 contar con informaci\u00f3n precisa y actualizada del territorio, facilitando la planificaci\u00f3n eficiente, la focalizaci\u00f3n de la inversi\u00f3n y la coordinaci\u00f3n de acciones en materia de sanidad animal, en estrecha articulaci\u00f3n entre la Viceprefectura y el Ministerio de Agricultura.<\/p>\n<p>En este marco, ambas autoridades coincidieron en que una planificaci\u00f3n basada en datos es fundamental para potenciar la productividad del sector agropecuario, optimizar recursos y generar impactos sostenibles en beneficio de los productores del Guayas.<\/p>\n<p>De manera complementaria, se abordaron temas prioritarios como el avance del censo ganadero, la implementaci\u00f3n de programas de vacunaci\u00f3n contra la brucelosis bovina y el impulso a estrategias de mejoramiento gen\u00e9tico del hato ganadero, acciones que contribuyen directamente a elevar la calidad y competitividad del sector.<\/p>\n<p>Asimismo, se destac\u00f3 la importancia de fortalecer la cadena c\u00e1rnica mediante iniciativas orientadas a mejorar la trazabilidad, la calidad del producto y el acceso a mercados, dinamizando as\u00ed la econom\u00eda provincial.<\/p>\n<p>Durante la reuni\u00f3n tambi\u00e9n se revisaron los proyectos emblem\u00e1ticos que ejecuta la Prefectura del Guayas, con el objetivo de reforzarlos y alinearlos con esta visi\u00f3n estrat\u00e9gica basada en planificaci\u00f3n, datos y articulaci\u00f3n institucional.<\/p>\n<p>\u201cEl desarrollo productivo del Guayas requiere decisiones informadas. Incorporar catastros agr\u00edcolas y acu\u00edcolas nos permite planificar mejor, invertir con mayor eficiencia y generar resultados reales para nuestra gente\u201d destac\u00f3 el viceprefecto Carlos Encalada.<\/p>\n<p>Por su parte, el Ministerio de Agricultura reafirm\u00f3 su compromiso de trabajar de manera coordinada con los gobiernos locales, impulsando pol\u00edticas p\u00fablicas que fortalezcan la sanidad, la productividad y la competitividad del sector rural.<\/p>\n<p>Esta reuni\u00f3n marca un paso clave hacia una gesti\u00f3n m\u00e1s t\u00e9cnica, articulada y orientada a resultados, posicionando al Guayas como un referente nacional en desarrollo productivo sostenible.<\/p>\n","protected":false},"excerpt":{"rendered":"<p>Guayaquil.- El Viceprefecto del Guayas, Carlos Encalada, mantuvo una reuni\u00f3n de trabajo con el ministro de Agricultura, Juan Carlos Vega, con el objetivo de articular esfuerzos y consolidar una agenda estrat\u00e9gica orientada a fortalecer el desarrollo productivo de la provincia. Uno de los principales ejes abordados fue la incorporaci\u00f3n de los catastros agr\u00edcolas y acu\u00edcolas [&hellip;]<\/p>\n","protected":false},"author":2,"featured_media":51377,"comment_status":"open","ping_status":"closed","sticky":false,"template":"","format":"standard","meta":{"_jetpack_memberships_contains_paid_content":false,"footnotes":""},"categories":[13],"tags":[8478,1535,2614,2641],"class_list":["post-51376","post","type-post","status-publish","format-standard","has-post-thumbnail","hentry","category-noticias-nacionales","tag-carlos-encalada","tag-juan-carlos-vega","tag-ministro-de-agricultura","tag-viceprefecto-del-guayas"],"jetpack_featured_media_url":"https:\/\/radiocresatelital.com\/wp-content\/uploads\/2026\/04\/WhatsApp-Image-2026-04-27-at-16.27.40.jpeg","jetpack_sharing_enabled":true,"_links":{"self":[{"href":"https:\/\/radiocresatelital.com\/index.php?rest_route=\/wp\/v2\/posts\/51376","targetHints":{"allow":["GET"]}}],"collection":[{"href":"https:\/\/radiocresatelital.com\/index.php?rest_route=\/wp\/v2\/posts"}],"about":[{"href":"https:\/\/radiocresatelital.com\/index.php?rest_route=\/wp\/v2\/types\/post"}],"author":[{"embeddable":true,"href":"https:\/\/radiocresatelital.com\/index.php?rest_route=\/wp\/v2\/users\/2"}],"replies":[{"embeddable":true,"href":"https:\/\/radiocresatelital.com\/index.php?rest_route=%2Fwp%2Fv2%2Fcomments&post=51376"}],"version-history":[{"count":1,"href":"https:\/\/radiocresatelital.com\/index.php?rest_route=\/wp\/v2\/posts\/51376\/revisions"}],"predecessor-version":[{"id":51378,"href":"https:\/\/radiocresatelital.com\/index.php?rest_route=\/wp\/v2\/posts\/51376\/revisions\/51378"}],"wp:featuredmedia":[{"embeddable":true,"href":"https:\/\/radiocresatelital.com\/index.php?rest_route=\/wp\/v2\/media\/51377"}],"wp:attachment":[{"href":"https:\/\/radiocresatelital.com\/index.php?rest_route=%2Fwp%2Fv2%2Fmedia&parent=51376"}],"wp:term":[{"taxonomy":"category","embeddable":true,"href":"https:\/\/radiocresatelital.com\/index.php?rest_route=%2Fwp%2Fv2%2Fcategories&post=51376"},{"taxonomy":"post_tag","embeddable":true,"href":"https:\/\/radiocresatelital.com\/index.php?rest_route=%2Fwp%2Fv2%2Ftags&post=51376"}],"curies":[{"name":"wp","href":"https:\/\/api.w.org\/{rel}","templated":true}]}}