{"id":51374,"date":"2026-04-27T21:51:35","date_gmt":"2026-04-27T21:51:35","guid":{"rendered":"https:\/\/radiocresatelital.com\/?p=51374"},"modified":"2026-04-27T21:51:35","modified_gmt":"2026-04-27T21:51:35","slug":"municipio-inicia-entrega-de-kits-escolares-a-ninos-y-ninas-del-programa-educate-guayaquil","status":"publish","type":"post","link":"https:\/\/radiocresatelital.com\/?p=51374","title":{"rendered":"Municipio inicia entrega de kits escolares a ni\u00f1os y ni\u00f1as del programa Ed\u00facate Guayaquil"},"content":{"rendered":"<p>Guayaquil.- Con el objetivo de facilitar el acceso a la ense\u00f1anza, el Municipio de Guayaquil, a trav\u00e9s de la Empresa P\u00fablica de Desarrollo, Acci\u00f3n Social y Educaci\u00f3n (EP DASE), inici\u00f3 la entrega de kits escolares a ni\u00f1os de distintos sectores de la ciudad, como parte del programa Ed\u00facate Guayaquil.<\/p>\n<p>Durante la jornada de apertura, desarrollada en la Plaza Col\u00f3n, en el barrio Las Pe\u00f1as, se distribuyeron 400 kits educativos a estudiantes de los Centros de Tareas y Nivelaci\u00f3n, Cursos Vacacionales y Centros de Atenci\u00f3n Municipal Integral (CAMI), ubicados en sectores como Isla Trinitaria, Guasmo Norte, Pascuales, 29 y Oriente, Orqu\u00eddeas y Las Esclusas.<\/p>\n<p>En estos espacios se realizan procesos de acompa\u00f1amiento acad\u00e9mico y refuerzo escolar. \u201cQueremos generar un ahorro importante en las familias guayaquile\u00f1as, que el dinero no tenga que destinarse a \u00fatiles escolares y pueda mantenerse en el hogar para cubrir necesidades esenciales, mientras sus hijos fortalecen su educaci\u00f3n\u201d, manifest\u00f3 Cinthya Cruz, gerenta de EP DASE.<\/p>\n<p>Cada kit incluye mochila, l\u00e1pices de colores, marcadores, tres cuadernos, agenda, juego de geometr\u00eda, hojas cuadriculadas, carpeta y cartuchera equipada con tijera, l\u00e1piz jumbo, bol\u00edgrafos, borrador, goma y sacapuntas.<\/p>\n<p>La iniciativa permite que los estudiantes inicien el ciclo escolar en condiciones adecuadas, con los implementos necesarios para su aprendizaje, y representa un respaldo directo a la econom\u00eda de las familias guayaquile\u00f1as. al Alcalde por su apoyo\u201d, expres\u00f3.<\/p>\n<p>Para Ver\u00f3nica L\u00f3pez, madre de familia, estas acciones representan una ayuda significativa ante los elevados costos de la lista de \u00fatiles. \u201cAyuda bastante, representa mucho para nosotros porque la situaci\u00f3n econ\u00f3mica est\u00e1 muy dura. La lista sale cara y le agradecemos Esta acci\u00f3n forma parte de un cronograma que contempla la entrega de 103.000 kits escolares durante los meses de abril y mayo, destinados a estudiantes de unidades educativas particulares, fiscomisionales y municipales que integran el programa Ed\u00facate Guayaquil, fortaleciendo as\u00ed el acceso a la educaci\u00f3n en la ciudad<\/p>\n","protected":false},"excerpt":{"rendered":"<p>Guayaquil.- Con el objetivo de facilitar el acceso a la ense\u00f1anza, el Municipio de Guayaquil, a trav\u00e9s de la Empresa P\u00fablica de Desarrollo, Acci\u00f3n Social y Educaci\u00f3n (EP DASE), inici\u00f3 la entrega de kits escolares a ni\u00f1os de distintos sectores de la ciudad, como parte del programa Ed\u00facate Guayaquil. Durante la jornada de apertura, desarrollada [&hellip;]<\/p>\n","protected":false},"author":2,"featured_media":36900,"comment_status":"open","ping_status":"closed","sticky":false,"template":"","format":"standard","meta":{"_jetpack_memberships_contains_paid_content":false,"footnotes":""},"categories":[33,13],"tags":[114],"class_list":["post-51374","post","type-post","status-publish","format-standard","has-post-thumbnail","hentry","category-guayaquil","category-noticias-nacionales","tag-municipio-de-guayaquil"],"jetpack_featured_media_url":"https:\/\/radiocresatelital.com\/wp-content\/uploads\/2025\/09\/municipio-guayaquil-instituciones-activan-plan-garantizar-servicios-ciudad.jpg","jetpack_sharing_enabled":true,"_links":{"self":[{"href":"https:\/\/radiocresatelital.com\/index.php?rest_route=\/wp\/v2\/posts\/51374","targetHints":{"allow":["GET"]}}],"collection":[{"href":"https:\/\/radiocresatelital.com\/index.php?rest_route=\/wp\/v2\/posts"}],"about":[{"href":"https:\/\/radiocresatelital.com\/index.php?rest_route=\/wp\/v2\/types\/post"}],"author":[{"embeddable":true,"href":"https:\/\/radiocresatelital.com\/index.php?rest_route=\/wp\/v2\/users\/2"}],"replies":[{"embeddable":true,"href":"https:\/\/radiocresatelital.com\/index.php?rest_route=%2Fwp%2Fv2%2Fcomments&post=51374"}],"version-history":[{"count":1,"href":"https:\/\/radiocresatelital.com\/index.php?rest_route=\/wp\/v2\/posts\/51374\/revisions"}],"predecessor-version":[{"id":51375,"href":"https:\/\/radiocresatelital.com\/index.php?rest_route=\/wp\/v2\/posts\/51374\/revisions\/51375"}],"wp:featuredmedia":[{"embeddable":true,"href":"https:\/\/radiocresatelital.com\/index.php?rest_route=\/wp\/v2\/media\/36900"}],"wp:attachment":[{"href":"https:\/\/radiocresatelital.com\/index.php?rest_route=%2Fwp%2Fv2%2Fmedia&parent=51374"}],"wp:term":[{"taxonomy":"category","embeddable":true,"href":"https:\/\/radiocresatelital.com\/index.php?rest_route=%2Fwp%2Fv2%2Fcategories&post=51374"},{"taxonomy":"post_tag","embeddable":true,"href":"https:\/\/radiocresatelital.com\/index.php?rest_route=%2Fwp%2Fv2%2Ftags&post=51374"}],"curies":[{"name":"wp","href":"https:\/\/api.w.org\/{rel}","templated":true}]}}