{"id":51365,"date":"2026-04-27T20:47:13","date_gmt":"2026-04-27T20:47:13","guid":{"rendered":"https:\/\/radiocresatelital.com\/?p=51365"},"modified":"2026-04-27T20:47:13","modified_gmt":"2026-04-27T20:47:13","slug":"media-maraton-de-quito-21k-conozca-el-recorrido-oficial-fecha-y-puntos-clave-de-la-ruta","status":"publish","type":"post","link":"https:\/\/radiocresatelital.com\/?p=51365","title":{"rendered":"Media Marat\u00f3n de Quito 21K: conozca el recorrido oficial, fecha y puntos clave de la ruta"},"content":{"rendered":"<p>Quito. \u2013 El domingo 31 de mayo, desde las 06h45 locales (11h45 GMT), se vivir\u00e1 la Media Marat\u00f3n de Quito, en el marco de la tradicional Quito 15K Race, y la Mini Quito 5k Race.<\/p>\n<p>Con esta primera edici\u00f3n de la Media Marat\u00f3n 21K, Quito ampl\u00eda su oferta atl\u00e9tica y la promoci\u00f3n de h\u00e1bitos saludables, consolid\u00e1ndose como una ciudad activa, competitiva y preparada para recibir al mundo.<\/p>\n<p><strong>Recorrido:<\/strong><\/p>\n<p>Km 0 \u2013 Av. Pedro Vicente Maldonado \u2013 San Bartolo (Salida Sur de Quito)<br \/>\nKm 1 \u2013 Av. Maldonado y Joaqu\u00edn Guti\u00e9rrez<br \/>\nKm 2 \u2013 Gasolinera Centro Comercial El Recreo<br \/>\nKm 3 \u2013 Av. Maldonado y Alonso de \u00c1ngulo<br \/>\nKm 4 \u2013 Rodrigo de Ch\u00e1vez y 5 de junio<br \/>\nKm 5 \u2013 (PC1) Calle 5 de Junio<br \/>\nKm 6 \u2013 Ambato y Venezuela<br \/>\nKm 7 \u2013 Mej\u00eda y Mont\u00fafar<br \/>\nKm 8 \u2013 Calle Mont\u00fafar<br \/>\nKm 9 \u2013 Luis Felipe Borja y av. 6 de Diciembre<br \/>\nKm 10 \u2013 (PC2) Av. 6 de Diciembre y Wilson<br \/>\nKm 11 \u2013 Av. 6 de Diciembre y Orellana<br \/>\nKm 12 \u2013 Eloy Alfaro y Rep\u00fablica<br \/>\nKm 13 \u2013 Av. Amazonas y Atahualpa<br \/>\nKm 14 \u2013 Av. Amazonas y Juan Jos\u00e9 de Villalengua<br \/>\nKm 15 \u2013 Av. Amazonas y Tom\u00e1s de Berlanga<br \/>\nKm 16 \u2013 Av. El Inca e Isla Seymour<br \/>\nKm 17 \u2013 (PC3) Av. El Inca y De las Brevas<br \/>\nKm 18 \u2013 Retorno t\u00e9cnico. Av. El Inca y Jos\u00e9 Vivanco<br \/>\nKm 19 \u2013 Av. Amazonas e Isla Floreana<br \/>\nKm 20 \u2013 Av. NNUU y Jap\u00f3n<br \/>\nKm 21 \u2013 Estadio Ol\u00edmpico Atahualpa (Llegada Norte de Quito)<\/p>\n<p>La Media Marat\u00f3n 21K cuenta con el respaldo del Municipio de Quito y organismos internacionales como World Athletics y la Asociaci\u00f3n Internacional de Maratones y Carreras de Distancia (AIMS), lo que certifica la calidad t\u00e9cnica del recorrido y la validez oficial de los tiempos registrados. Este aval posiciona a Quito dentro del circuito global de competencias de ruta.<\/p>\n<p>Esta presencia fortalece el posicionamiento de la ciudad como destino de turismo deportivo y dinamiza la econom\u00eda local.<\/p>\n<p>El jueves 28 de mayo a partir de las 19h00 se realizar\u00e1 la rueda de prensa y presentaci\u00f3n de atletas en el Hotel La Quinta by Wyndham Quito.<\/p>\n<p>La Direcci\u00f3n Metropolitana de Deporte y Recreaci\u00f3n, autoriza la realizaci\u00f3n a nivel deportivo de los eventos masivos con ocupaci\u00f3n del espacio p\u00fablico, consolidados en la agenda deportiva, que actualmente registra 107 eventos, de los cuales 43 se desarrollan en parques metropolitanos y 64 en la v\u00eda p\u00fablica, fomentando el desarrollo del deporte en Quito.<\/p>\n<p>Estas acciones responden a la pol\u00edtica municipal de activaci\u00f3n del espacio p\u00fablico y promoci\u00f3n del bienestar integral de la ciudadan\u00eda.<\/p>\n","protected":false},"excerpt":{"rendered":"<p>Quito. \u2013 El domingo 31 de mayo, desde las 06h45 locales (11h45 GMT), se vivir\u00e1 la Media Marat\u00f3n de Quito, en el marco de la tradicional Quito 15K Race, y la Mini Quito 5k Race. Con esta primera edici\u00f3n de la Media Marat\u00f3n 21K, Quito ampl\u00eda su oferta atl\u00e9tica y la promoci\u00f3n de h\u00e1bitos saludables, [&hellip;]<\/p>\n","protected":false},"author":2,"featured_media":51366,"comment_status":"open","ping_status":"closed","sticky":false,"template":"","format":"standard","meta":{"_jetpack_memberships_contains_paid_content":false,"footnotes":""},"categories":[9],"tags":[4828,8476],"class_list":["post-51365","post","type-post","status-publish","format-standard","has-post-thumbnail","hentry","category-deportes","tag-quito-15k-race","tag-y-la-mini-quito-5k-race"],"jetpack_featured_media_url":"https:\/\/radiocresatelital.com\/wp-content\/uploads\/2026\/04\/WhatsApp-Image-2026-04-27-at-15.44.34.jpeg","jetpack_sharing_enabled":true,"_links":{"self":[{"href":"https:\/\/radiocresatelital.com\/index.php?rest_route=\/wp\/v2\/posts\/51365","targetHints":{"allow":["GET"]}}],"collection":[{"href":"https:\/\/radiocresatelital.com\/index.php?rest_route=\/wp\/v2\/posts"}],"about":[{"href":"https:\/\/radiocresatelital.com\/index.php?rest_route=\/wp\/v2\/types\/post"}],"author":[{"embeddable":true,"href":"https:\/\/radiocresatelital.com\/index.php?rest_route=\/wp\/v2\/users\/2"}],"replies":[{"embeddable":true,"href":"https:\/\/radiocresatelital.com\/index.php?rest_route=%2Fwp%2Fv2%2Fcomments&post=51365"}],"version-history":[{"count":1,"href":"https:\/\/radiocresatelital.com\/index.php?rest_route=\/wp\/v2\/posts\/51365\/revisions"}],"predecessor-version":[{"id":51367,"href":"https:\/\/radiocresatelital.com\/index.php?rest_route=\/wp\/v2\/posts\/51365\/revisions\/51367"}],"wp:featuredmedia":[{"embeddable":true,"href":"https:\/\/radiocresatelital.com\/index.php?rest_route=\/wp\/v2\/media\/51366"}],"wp:attachment":[{"href":"https:\/\/radiocresatelital.com\/index.php?rest_route=%2Fwp%2Fv2%2Fmedia&parent=51365"}],"wp:term":[{"taxonomy":"category","embeddable":true,"href":"https:\/\/radiocresatelital.com\/index.php?rest_route=%2Fwp%2Fv2%2Fcategories&post=51365"},{"taxonomy":"post_tag","embeddable":true,"href":"https:\/\/radiocresatelital.com\/index.php?rest_route=%2Fwp%2Fv2%2Ftags&post=51365"}],"curies":[{"name":"wp","href":"https:\/\/api.w.org\/{rel}","templated":true}]}}