{"id":51361,"date":"2026-04-27T17:44:02","date_gmt":"2026-04-27T17:44:02","guid":{"rendered":"https:\/\/radiocresatelital.com\/?p=51361"},"modified":"2026-04-27T20:45:21","modified_gmt":"2026-04-27T20:45:21","slug":"uso-responsable-de-la-ia-en-el-periodismo-exige-claridad-criterios-y-limites","status":"publish","type":"post","link":"https:\/\/radiocresatelital.com\/?p=51361","title":{"rendered":"Uso responsable de la IA en el periodismo exige claridad, criterios y l\u00edmites"},"content":{"rendered":"<p>Quito.-\u00a0La Universidad San Francisco de Quito USFQ fue sede del \u201cForo de Periodismo + IA: herramientas para la creaci\u00f3n de contenidos\u201d , un espacio acad\u00e9mico dise\u00f1ado para analizar el impacto de la inteligencia artificial en el ejercicio period\u00edstico y en la evoluci\u00f3n de las narrativas digitales. El encuentro reuni\u00f3 a profesionales de la comunicaci\u00f3n, docentes y estudiantes interesados en comprender c\u00f3mo estas tecnolog\u00edas est\u00e1n transformando la producci\u00f3n informativa.<\/p>\n<p>La jornada estuvo liderada por Mat\u00edas Amigo, comunicador argentino especializado en IA, quien actualmente se desempe\u00f1a como Trainer en CNN Academy y es creador de Wips, una organizaci\u00f3n sin fines de lucro que impulsa un espacio de creaci\u00f3n y colaboraci\u00f3n orientado a garantizar una edici\u00f3n inclusiva y de calidad, a trav\u00e9s de la conectividad y las nuevas tecnolog\u00edas.<\/p>\n<p>Durante el Foro se abordaron las perspectivas clave sobre el uso responsable de la IA, sus desaf\u00edos \u00e9ticos y su potencial para fortalecer la innovaci\u00f3n en el periodismo. Los participantes exploraron casos pr\u00e1cticos y herramientas emergentes que est\u00e1n redefiniendo los procesos de creaci\u00f3n de contenidos, como la automatizaci\u00f3n de procesos, la construcci\u00f3n de prompts, entre otras acciones.<\/p>\n<p>A su vez, se promovi\u00f3 la reflexi\u00f3n cr\u00edtica sobre el rol del periodista en un entorno cada vez m\u00e1s mecanizado, destacando la relevancia del criterio humano, la verificaci\u00f3n de la informaci\u00f3n y la adaptaci\u00f3n a nuevos formatos digitales. A trav\u00e9s de un enfoque din\u00e1mico, se incentiv\u00f3 el intercambio de experiencias entre los asistentes. Amigo expres\u00f3 que: \u201cEl medio debe saber qu\u00e9 l\u00edmites est\u00e1 dispuesto a cruzar con la inteligencia artificial, por ellos es necesario evaluar las herramientas que usamos y entender que todos los datos que usa la IA son datos humanos\u2026 y los humanos cometemos errores\u201d.<\/p>\n<p>Con este tipo de iniciativas, la USFQ mantiene su compromiso de brindar espacios de conocimiento a su comunidad para que est\u00e9 preparada para enfrentar los retos de la comunicaci\u00f3n contempor\u00e1nea, impulsando espacios de di\u00e1logo que integran tecnolog\u00eda, \u00e9tica y creatividad en el desarrollo del periodismo actual.<\/p>\n","protected":false},"excerpt":{"rendered":"<p>Quito.-\u00a0La Universidad San Francisco de Quito USFQ fue sede del \u201cForo de Periodismo + IA: herramientas para la creaci\u00f3n de contenidos\u201d , un espacio acad\u00e9mico dise\u00f1ado para analizar el impacto de la inteligencia artificial en el ejercicio period\u00edstico y en la evoluci\u00f3n de las narrativas digitales. El encuentro reuni\u00f3 a profesionales de la comunicaci\u00f3n, docentes [&hellip;]<\/p>\n","protected":false},"author":2,"featured_media":51362,"comment_status":"open","ping_status":"closed","sticky":false,"template":"","format":"standard","meta":{"_jetpack_memberships_contains_paid_content":false,"footnotes":""},"categories":[122],"tags":[8475,2069],"class_list":["post-51361","post","type-post","status-publish","format-standard","has-post-thumbnail","hentry","category-tecnologia","tag-foro-de-periodismo-ia-herramientas-para-la-creacion-de-contenidos","tag-universidad-san-francisco-de-quito"],"jetpack_featured_media_url":"https:\/\/radiocresatelital.com\/wp-content\/uploads\/2026\/04\/WhatsApp-Image-2026-04-27-at-15.16.44.jpeg","jetpack_sharing_enabled":true,"_links":{"self":[{"href":"https:\/\/radiocresatelital.com\/index.php?rest_route=\/wp\/v2\/posts\/51361","targetHints":{"allow":["GET"]}}],"collection":[{"href":"https:\/\/radiocresatelital.com\/index.php?rest_route=\/wp\/v2\/posts"}],"about":[{"href":"https:\/\/radiocresatelital.com\/index.php?rest_route=\/wp\/v2\/types\/post"}],"author":[{"embeddable":true,"href":"https:\/\/radiocresatelital.com\/index.php?rest_route=\/wp\/v2\/users\/2"}],"replies":[{"embeddable":true,"href":"https:\/\/radiocresatelital.com\/index.php?rest_route=%2Fwp%2Fv2%2Fcomments&post=51361"}],"version-history":[{"count":2,"href":"https:\/\/radiocresatelital.com\/index.php?rest_route=\/wp\/v2\/posts\/51361\/revisions"}],"predecessor-version":[{"id":51364,"href":"https:\/\/radiocresatelital.com\/index.php?rest_route=\/wp\/v2\/posts\/51361\/revisions\/51364"}],"wp:featuredmedia":[{"embeddable":true,"href":"https:\/\/radiocresatelital.com\/index.php?rest_route=\/wp\/v2\/media\/51362"}],"wp:attachment":[{"href":"https:\/\/radiocresatelital.com\/index.php?rest_route=%2Fwp%2Fv2%2Fmedia&parent=51361"}],"wp:term":[{"taxonomy":"category","embeddable":true,"href":"https:\/\/radiocresatelital.com\/index.php?rest_route=%2Fwp%2Fv2%2Fcategories&post=51361"},{"taxonomy":"post_tag","embeddable":true,"href":"https:\/\/radiocresatelital.com\/index.php?rest_route=%2Fwp%2Fv2%2Ftags&post=51361"}],"curies":[{"name":"wp","href":"https:\/\/api.w.org\/{rel}","templated":true}]}}